{"id":55566,"date":"2024-11-27T09:18:46","date_gmt":"2024-11-27T12:18:46","guid":{"rendered":"http:\/\/www.sincomam.org.br\/?p=55566"},"modified":"2024-11-27T09:18:46","modified_gmt":"2024-11-27T12:18:46","slug":"stf-inicia-julgamento-sobre-atuacao-das-redes-sociais-no-brasil","status":"publish","type":"post","link":"https:\/\/www.sincomam.org.br\/index.php\/stf-inicia-julgamento-sobre-atuacao-das-redes-sociais-no-brasil\/","title":{"rendered":"STF inicia julgamento sobre atua\u00e7\u00e3o das redes sociais no Brasil"},"content":{"rendered":"<p>O Supremo Tribunal Federal (STF) inicia, nesta quarta-feira (27), o julgamento de tr\u00eas a\u00e7\u00f5es que tratam da responsabilidade de provedores de internet na remo\u00e7\u00e3o de conte\u00fados com desinforma\u00e7\u00e3o e dissemina\u00e7\u00e3o de discurso de \u00f3dio de forma extrajudicial, sem determina\u00e7\u00e3o expressa pela Justi\u00e7a.<img decoding=\"async\" src=\"https:\/\/agenciabrasil.ebc.com.br\/ebc.png?id=1621358&amp;o=node\" \/><img decoding=\"async\" src=\"https:\/\/agenciabrasil.ebc.com.br\/ebc.gif?id=1621358&amp;o=node\" \/><\/p>\n<p>A Corte vai julgar a\u00e7\u00f5es relatadas pelos ministros Luiz Fux, Edson Fachin e Dias Toffoli. Oo\u00a0processos foram liberados para an\u00e1lise em agosto deste ano.<\/p>\n<p>No caso da a\u00e7\u00e3o relatada por Dias Toffoli, o tribunal\u00a0julgar\u00e1 a constitucionalidade da regra do Marco Civil da Internet (Lei 12.965\/2014) que exige ordem judicial pr\u00e9via para responsabiliza\u00e7\u00e3o dos provedores por atos il\u00edcitos.<\/p>\n<p>No processo relatado pelo ministro Fux, o STF vai discutir se uma empresa que hospeda\u00a0<em>site<\/em>\u00a0na internet deve fiscalizar conte\u00fados ofensivos e retir\u00e1-los do ar sem interven\u00e7\u00e3o judicial.<\/p>\n<p>A a\u00e7\u00e3o relatada por Fachin analisa\u00a0a legalidade do bloqueio do aplicativo de mensagens WhatsApp por decis\u00f5es judiciais.<\/p>\n<p>No ano passado, o Supremo realizou audi\u00eancia p\u00fablica para discutir as regras do Marco Civil da Internet.<\/p>\n<p>O objetivo foi ouvir especialistas e representantes do setor p\u00fablico e da sociedade civil para obter informa\u00e7\u00f5es t\u00e9cnicas, econ\u00f4micas e jur\u00eddicas antes de julgar a quest\u00e3o.<\/p>\n<p>Fonte: Ag\u00eancia Brasil<\/p>\n","protected":false},"excerpt":{"rendered":"<p>O Supremo Tribunal Federal (STF) inicia, nesta quarta-feira (27), o julgamento de tr\u00eas a\u00e7\u00f5es que tratam da responsabilidade de provedores de internet na remo\u00e7\u00e3o de&#8230;<\/p>\n","protected":false},"author":1527,"featured_media":55568,"comment_status":"closed","ping_status":"closed","sticky":false,"template":"","format":"standard","meta":{"footnotes":""},"categories":[6],"tags":[],"class_list":["post-55566","post","type-post","status-publish","format-standard","has-post-thumbnail","hentry","category-noticias"],"_links":{"self":[{"href":"https:\/\/www.sincomam.org.br\/index.php\/wp-json\/wp\/v2\/posts\/55566","targetHints":{"allow":["GET"]}}],"collection":[{"href":"https:\/\/www.sincomam.org.br\/index.php\/wp-json\/wp\/v2\/posts"}],"about":[{"href":"https:\/\/www.sincomam.org.br\/index.php\/wp-json\/wp\/v2\/types\/post"}],"author":[{"embeddable":true,"href":"https:\/\/www.sincomam.org.br\/index.php\/wp-json\/wp\/v2\/users\/1527"}],"replies":[{"embeddable":true,"href":"https:\/\/www.sincomam.org.br\/index.php\/wp-json\/wp\/v2\/comments?post=55566"}],"version-history":[{"count":1,"href":"https:\/\/www.sincomam.org.br\/index.php\/wp-json\/wp\/v2\/posts\/55566\/revisions"}],"predecessor-version":[{"id":55569,"href":"https:\/\/www.sincomam.org.br\/index.php\/wp-json\/wp\/v2\/posts\/55566\/revisions\/55569"}],"wp:featuredmedia":[{"embeddable":true,"href":"https:\/\/www.sincomam.org.br\/index.php\/wp-json\/wp\/v2\/media\/55568"}],"wp:attachment":[{"href":"https:\/\/www.sincomam.org.br\/index.php\/wp-json\/wp\/v2\/media?parent=55566"}],"wp:term":[{"taxonomy":"category","embeddable":true,"href":"https:\/\/www.sincomam.org.br\/index.php\/wp-json\/wp\/v2\/categories?post=55566"},{"taxonomy":"post_tag","embeddable":true,"href":"https:\/\/www.sincomam.org.br\/index.php\/wp-json\/wp\/v2\/tags?post=55566"}],"curies":[{"name":"wp","href":"https:\/\/api.w.org\/{rel}","templated":true}]}}