{"id":55562,"date":"2024-11-27T09:17:58","date_gmt":"2024-11-27T12:17:58","guid":{"rendered":"http:\/\/www.sincomam.org.br\/?p=55562"},"modified":"2024-11-27T09:17:58","modified_gmt":"2024-11-27T12:17:58","slug":"ilhas-cagarras-sao-destaque-no-terceiro-dia-do-ciclo-de-palestras-sobre-amazonia-azul","status":"publish","type":"post","link":"https:\/\/www.sincomam.org.br\/index.php\/ilhas-cagarras-sao-destaque-no-terceiro-dia-do-ciclo-de-palestras-sobre-amazonia-azul\/","title":{"rendered":"Ilhas Cagarras s\u00e3o destaque no terceiro dia do ciclo de palestras sobre Amaz\u00f4nia Azul"},"content":{"rendered":"<p class=\"text-align-justify\">O terceiro encontro do Ciclo de Palestras alusivo ao Dia Nacional da Amaz\u00f4nia Azul foi realizado no dia 22 de novembro, no Museu Naval, no Rio de Janeiro (RJ). Com o tema \u201cMonumento Natural das Ilhas Cagarras: um ponto de esperan\u00e7a carioca\u201d, o evento foi conduzido pela Analista Ambiental e Chefe do Monumento Natural das Ilhas Cagarras (MONA Cagarras), Tatiana Teixeira Leite Ribeiro, do Instituto Chico Mendes de Conserva\u00e7\u00e3o da Biodiversidade (ICMBio).<\/p>\n<p class=\"text-align-justify\">A palestrante explicou que o Monumento foi recentemente classificado como Hope Spot (Ponto de Esperan\u00e7a) pela Mission Blue, uma alian\u00e7a mundial para conserva\u00e7\u00e3o marinha. \u201c\u00c9 um reconhecimento internacional dado a \u00e1reas marinhas que tenham uma biodiversidade significativa e que representam esperan\u00e7a para futuras gera\u00e7\u00f5es em termos de conserva\u00e7\u00e3o\u201d, contou a Analista Ambiental.<\/p>\n<p class=\"text-align-justify\">O monumento, criado em 2010, localizado a cerca de 5 km da Praia de Ipanema, \u00e9 composto por quatro ilhas principais (Palmas, Comprida, Cagarra e Redonda) e algumas forma\u00e7\u00f5es rochosas. Mesmo pr\u00f3ximo \u00e0 costa e ao Rio de Janeiro, o local \u00e9 um ref\u00fagio de biodiversidade que protege remanescentes de Mata Atl\u00e2ntica, abriga esp\u00e9cies end\u00eamicas e amea\u00e7adas, serve como corredor migrat\u00f3rio de baleias-jubarte, \u00e1rea de intera\u00e7\u00e3o de cet\u00e1ceos e importante ninhal de aves marinhas, al\u00e9m de ser essencial para a reprodu\u00e7\u00e3o de esp\u00e9cies comerciais de pesca.<\/p>\n<p class=\"text-align-justify\">Durante a palestra, Tatiana destacou a import\u00e2ncia da sociedade na preserva\u00e7\u00e3o desse ponto de esperan\u00e7a em meio \u00e0 metr\u00f3pole carioca. \u201cToda a sociedade \u00e9 mais que necess\u00e1ria para a conserva\u00e7\u00e3o, sejam pessoas f\u00edsicas ou outras institui\u00e7\u00f5es, porque o mar \u00e9 essa entidade que une as pessoas. O mar est\u00e1 em todo o planeta, ent\u00e3o quanto mais pessoas envolvidas na conserva\u00e7\u00e3o, com certeza, melhores ser\u00e3o os resultados\u201d, afirmou.<\/p>\n<p class=\"text-align-justify\">O ciclo de palestras ser\u00e1 encerrado na pr\u00f3xima sexta-feira (29), com o tema \u201cO Mar na Pol\u00edtica Externa Brasileira\u201d, apresentado pela Conselheira Mait\u00ea de Souza Schmitz, Chefe da Divis\u00e3o do Mar, da Ant\u00e1rtica e do Espa\u00e7o (DMAE\/MRE). A entrada \u00e9 gratuita e aberta ao p\u00fablico, mediante inscri\u00e7\u00e3o pr\u00e9via pelo e-mail <strong><u>quirino@marinha.mil.br<\/u><\/strong>.<\/p>\n<h5 class=\"text-align-justify\">Sobre a Amaz\u00f4nia Azul:<\/h5>\n<p class=\"text-align-justify\">A Amaz\u00f4nia Azul, como \u00e9 conhecida a vasta \u00e1rea mar\u00edtima brasileira, corresponde a 5,7 milh\u00f5es de km\u00b2, equivalente a 67% do territ\u00f3rio terrestre do Pa\u00eds. Rica em biodiversidade e recursos naturais, ela desempenha um papel estrat\u00e9gico na economia, abrigando reservas de petr\u00f3leo, g\u00e1s e minerais, al\u00e9m de organismos marinhos com grande potencial biotecnol\u00f3gico. Sua import\u00e2ncia tamb\u00e9m se reflete na influ\u00eancia sobre o clima e no suporte ao com\u00e9rcio exterior, j\u00e1 que grande parte das exporta\u00e7\u00f5es brasileiras utiliza o mar como via de transporte.<\/p>\n<p class=\"text-align-justify\">\nFonte: Ag\u00eancia Marinha de Not\u00edcias<\/p>\n","protected":false},"excerpt":{"rendered":"<p>O terceiro encontro do Ciclo de Palestras alusivo ao Dia Nacional da Amaz\u00f4nia Azul foi realizado no dia 22 de novembro, no Museu Naval, no&#8230;<\/p>\n","protected":false},"author":1527,"featured_media":55564,"comment_status":"closed","ping_status":"closed","sticky":false,"template":"","format":"standard","meta":{"footnotes":""},"categories":[6],"tags":[],"class_list":["post-55562","post","type-post","status-publish","format-standard","has-post-thumbnail","hentry","category-noticias"],"_links":{"self":[{"href":"https:\/\/www.sincomam.org.br\/index.php\/wp-json\/wp\/v2\/posts\/55562","targetHints":{"allow":["GET"]}}],"collection":[{"href":"https:\/\/www.sincomam.org.br\/index.php\/wp-json\/wp\/v2\/posts"}],"about":[{"href":"https:\/\/www.sincomam.org.br\/index.php\/wp-json\/wp\/v2\/types\/post"}],"author":[{"embeddable":true,"href":"https:\/\/www.sincomam.org.br\/index.php\/wp-json\/wp\/v2\/users\/1527"}],"replies":[{"embeddable":true,"href":"https:\/\/www.sincomam.org.br\/index.php\/wp-json\/wp\/v2\/comments?post=55562"}],"version-history":[{"count":1,"href":"https:\/\/www.sincomam.org.br\/index.php\/wp-json\/wp\/v2\/posts\/55562\/revisions"}],"predecessor-version":[{"id":55565,"href":"https:\/\/www.sincomam.org.br\/index.php\/wp-json\/wp\/v2\/posts\/55562\/revisions\/55565"}],"wp:featuredmedia":[{"embeddable":true,"href":"https:\/\/www.sincomam.org.br\/index.php\/wp-json\/wp\/v2\/media\/55564"}],"wp:attachment":[{"href":"https:\/\/www.sincomam.org.br\/index.php\/wp-json\/wp\/v2\/media?parent=55562"}],"wp:term":[{"taxonomy":"category","embeddable":true,"href":"https:\/\/www.sincomam.org.br\/index.php\/wp-json\/wp\/v2\/categories?post=55562"},{"taxonomy":"post_tag","embeddable":true,"href":"https:\/\/www.sincomam.org.br\/index.php\/wp-json\/wp\/v2\/tags?post=55562"}],"curies":[{"name":"wp","href":"https:\/\/api.w.org\/{rel}","templated":true}]}}