{"id":55548,"date":"2024-11-27T09:09:40","date_gmt":"2024-11-27T12:09:40","guid":{"rendered":"http:\/\/www.sincomam.org.br\/?p=55548"},"modified":"2024-11-27T09:16:25","modified_gmt":"2024-11-27T12:16:25","slug":"portonave-recebe-selo-pro-clima-ouro-pelas-praticas-sustentaveis-e-e-pioneira-no-sul-do-pais","status":"publish","type":"post","link":"https:\/\/www.sincomam.org.br\/index.php\/portonave-recebe-selo-pro-clima-ouro-pelas-praticas-sustentaveis-e-e-pioneira-no-sul-do-pais\/","title":{"rendered":"Portonave recebe selo Pr\u00f3-Clima Ouro pelas pr\u00e1ticas sustent\u00e1veis e \u00e9 pioneira no Sul do pa\u00eds"},"content":{"rendered":"<p class=\"p1\">O Terminal Portu\u00e1rio foi reconhecido pelo compromisso ambiental durante o encontro anual da Alian\u00e7a Brasileira para Descarboniza\u00e7\u00e3o dos Portos (ABDP), realizado no Complexo de Suape, em Pernambuco, na \u00faltima semana. O Programa Pr\u00f3-Clima, iniciativa da ABDP, cataloga e reconhece os esfor\u00e7os para descarboniza\u00e7\u00e3o do setor. A Companhia recebeu o selo Ouro, destinado aos terminais que divulgam o invent\u00e1rio de emiss\u00f5es de Gases de Efeito Estufa (GEE) com escopos 1 (emiss\u00f5es diretas), 2 (emiss\u00f5es indiretas causadas pelo uso de energia el\u00e9trica) e 3 (demais emiss\u00f5es indiretas), al\u00e9m de um plano de descarboniza\u00e7\u00e3o com metas definidas para redu\u00e7\u00e3o de gases poluentes. Na regi\u00e3o Sul, a Portonave foi o \u00fanico terminal portu\u00e1rio a receber o selo nesta categoria.<\/p>\n<p class=\"p1\">Para a empresa, \u00e9 essencial realizar investimentos que colaborem com a descarboniza\u00e7\u00e3o no segmento portu\u00e1rio, o que tamb\u00e9m faz parte das diretrizes de sua acionista, a Terminal Investment Limited (TiL). Em julho, a Companhia se tornou membro da ABDP. Para Fl\u00e1via Crozeta, Supervisora de Meio Ambiente da Portonave, os esfor\u00e7os para a descarboniza\u00e7\u00e3o do setor contribuem significativamente para evitar o avan\u00e7o das mudan\u00e7as clim\u00e1ticas, com impactos j\u00e1 evidenciados no pa\u00eds. \u201cEntendemos que esse reconhecimento n\u00e3o apenas refor\u00e7a o comprometimento da Portonave com o tema, como tamb\u00e9m incentiva outros atores do setor a seguirem por este caminho\u201d, complementa Fl\u00e1via.<\/p>\n<p class=\"p1\">De forma constante, a Companhia investe e realiza a\u00e7\u00f5es para mitigar os impactos ambientais. Neste ano, em janeiro, iniciou uma obra de adequa\u00e7\u00e3o em seu cais, um investimento totalmente privado de mais de R$ 1 bilh\u00e3o para receber navios maiores, de at\u00e9 400m de comprimento. Ap\u00f3s, ser\u00e1 poss\u00edvel instalar um sistema capaz de alimentar os navios por meio de energia el\u00e9trica. Atualmente, a principal emiss\u00e3o de gases poluentes nos portos prov\u00e9m das embarca\u00e7\u00f5es. De acordo com a Organiza\u00e7\u00e3o Mar\u00edtima Internacional (OMI), IMO em ingl\u00eas, mais de 3% das emiss\u00f5es de di\u00f3xido de carbono em todo o mundo s\u00e3o geradas pela ind\u00fastria naval.<\/p>\n<p class=\"p1\">Anualmente, a Portonave divulga o invent\u00e1rio de emiss\u00f5es de GEE, com base no Programa GHG Protocol, que auxilia na identifica\u00e7\u00e3o de pontos cr\u00edticos em rela\u00e7\u00e3o \u00e0s emiss\u00f5es e ado\u00e7\u00e3o das medidas estrat\u00e9gicas de redu\u00e7\u00e3o. A empresa foi pioneira na aquisi\u00e7\u00e3o do primeiro Terminal Tractor el\u00e9trico no Sul do pa\u00eds e da primeira Eco Reach Stacker da Am\u00e9rica Latina, com redu\u00e7\u00e3o de at\u00e9 40% da emiss\u00e3o de GEE, equipamentos utilizados para movimenta\u00e7\u00e3o de cont\u00eaineres, assim como possui 18 Rubber Tyred Gantry (RTG) eletrificados.<\/p>\n<p class=\"p1\">Por meio dessas iniciativas, o Terminal obteve, de 2016 a 2023, uma redu\u00e7\u00e3o de cerca de 60% das emiss\u00f5es de GEE para cada TEU (unidade de medida equivalente a um cont\u00eainer de 20 p\u00e9s) movimentado, atingindo, em 2023, o menor \u00edndice da s\u00e9rie hist\u00f3rica. Durante esse per\u00edodo, a redu\u00e7\u00e3o das emiss\u00f5es somou quase 50 mil toneladas de carbono equivalente (tCO2e).<\/p>\n<p class=\"p1\"><strong>*Cerca de 12 mil toneladas de carbono compensadas nos \u00faltimos anos*<\/strong><\/p>\n<p class=\"p1\">A Portonave realizou a compensa\u00e7\u00e3o de 4.358,53 toneladas de carbono equivalente (tCO2e) no escopo 1, e 2.460,67 tCO2e no escopo 2, referentes ao ano de 2023. Esta \u00e9 a primeira vez que a empresa neutraliza o escopo 1, por meio da compra de cr\u00e9dito de carbono. Desde 2022, de forma espont\u00e2nea, o Terminal obt\u00e9m anualmente o Certificado Internacional de Energia Renov\u00e1vel (I-REC), o que garante energia limpa para as opera\u00e7\u00f5es da companhia, e com isso neutralizou cerca de 5.262,06 tCO2, do escopo 2, durante esse per\u00edodo.<\/p>\n<p class=\"p1\"><strong>*Sobre a Portonave*<\/strong><\/p>\n<p class=\"p1\">Primeiro terminal portu\u00e1rio privado de cont\u00eaineres do pa\u00eds, a empresa completou 17 anos de opera\u00e7\u00e3o em outubro. De janeiro a outubro, movimentou mais de 1 milh\u00e3o de TEUs (unidade de medida equivalente a um cont\u00eainer de 20 p\u00e9s). Atualmente, emprega 1,2 mil profissionais diretos e 5,5 mil indiretos. O compromisso da empresa com o meio ambiente j\u00e1 foi reconhecido anteriormente. Neste ano, recebeu o selo Prata no Programa Brasileiro GHG Protocol (PBGHG), a medalha de Prata pela EcoVadis, fornecedor mundial de classifica\u00e7\u00f5es de sustentabilidade empresarial, e o seu quinto Pr\u00eamio Express\u00e3o de Ecologia.<\/p>\n<p class=\"p1\"><strong>*Sobre a ABDP*<\/strong><\/p>\n<p class=\"p1\">Em mar\u00e7o deste ano, a Alian\u00e7a Brasileira para Descarboniza\u00e7\u00e3o dos Portos (ADBP) foi estruturada a partir de uma parceria entre o Porto de Itaqui e o Porto de Val\u00eancia, na Espanha, com objetivo de buscar solu\u00e7\u00f5es integradas com a colabora\u00e7\u00e3o dos mais diversos atores, nacionais e internacionais, como outros portos, empresas e sindicatos. Os membros se comprometem a colaborar com iniciativas e investimentos que buscam a descarboniza\u00e7\u00e3o no setor.<\/p>\n<p>Fonte: Informativo dos Portos<\/p>\n","protected":false},"excerpt":{"rendered":"<p>O Terminal Portu\u00e1rio foi reconhecido pelo compromisso ambiental durante o encontro anual da Alian\u00e7a Brasileira para Descarboniza\u00e7\u00e3o dos Portos (ABDP), realizado no Complexo de Suape,&#8230;<\/p>\n","protected":false},"author":1527,"featured_media":55550,"comment_status":"closed","ping_status":"closed","sticky":false,"template":"","format":"standard","meta":{"footnotes":""},"categories":[6],"tags":[],"class_list":["post-55548","post","type-post","status-publish","format-standard","has-post-thumbnail","hentry","category-noticias"],"_links":{"self":[{"href":"https:\/\/www.sincomam.org.br\/index.php\/wp-json\/wp\/v2\/posts\/55548","targetHints":{"allow":["GET"]}}],"collection":[{"href":"https:\/\/www.sincomam.org.br\/index.php\/wp-json\/wp\/v2\/posts"}],"about":[{"href":"https:\/\/www.sincomam.org.br\/index.php\/wp-json\/wp\/v2\/types\/post"}],"author":[{"embeddable":true,"href":"https:\/\/www.sincomam.org.br\/index.php\/wp-json\/wp\/v2\/users\/1527"}],"replies":[{"embeddable":true,"href":"https:\/\/www.sincomam.org.br\/index.php\/wp-json\/wp\/v2\/comments?post=55548"}],"version-history":[{"count":1,"href":"https:\/\/www.sincomam.org.br\/index.php\/wp-json\/wp\/v2\/posts\/55548\/revisions"}],"predecessor-version":[{"id":55551,"href":"https:\/\/www.sincomam.org.br\/index.php\/wp-json\/wp\/v2\/posts\/55548\/revisions\/55551"}],"wp:featuredmedia":[{"embeddable":true,"href":"https:\/\/www.sincomam.org.br\/index.php\/wp-json\/wp\/v2\/media\/55550"}],"wp:attachment":[{"href":"https:\/\/www.sincomam.org.br\/index.php\/wp-json\/wp\/v2\/media?parent=55548"}],"wp:term":[{"taxonomy":"category","embeddable":true,"href":"https:\/\/www.sincomam.org.br\/index.php\/wp-json\/wp\/v2\/categories?post=55548"},{"taxonomy":"post_tag","embeddable":true,"href":"https:\/\/www.sincomam.org.br\/index.php\/wp-json\/wp\/v2\/tags?post=55548"}],"curies":[{"name":"wp","href":"https:\/\/api.w.org\/{rel}","templated":true}]}}