{"id":55517,"date":"2024-11-26T09:50:20","date_gmt":"2024-11-26T12:50:20","guid":{"rendered":"http:\/\/www.sincomam.org.br\/?p=55517"},"modified":"2024-11-26T09:50:20","modified_gmt":"2024-11-26T12:50:20","slug":"aumento-do-nivel-do-mar-pode-afetar-disponibilidade-de-agua-doce-diz-artigo","status":"publish","type":"post","link":"https:\/\/www.sincomam.org.br\/index.php\/aumento-do-nivel-do-mar-pode-afetar-disponibilidade-de-agua-doce-diz-artigo\/","title":{"rendered":"Aumento do n\u00edvel do mar pode afetar disponibilidade de \u00e1gua doce, diz artigo"},"content":{"rendered":"<p>Cientistas e pesquisadores do oceano divulgaram uma nova publica\u00e7\u00e3o alertando para o\u00a0aumento do n\u00edvel do mar\u00a0e seus impactos em sistemas de \u00e1gua doce, diante do cen\u00e1rio clim\u00e1tico atual e futuro. Intitulado \u201cNavigating the Future VI\u201d, o artigo mostra que a eleva\u00e7\u00e3o do n\u00edvel do mar pode estar afetando a disponibilidade de \u00e1gua doce. O trabalho foi publicado no dia 23 de outubro.<\/p>\n<p>No\u00a0texto, os especialistas em ci\u00eancias marinhas afirmam que n\u00e3o se pode mais considerar e gerenciar o\u00a0oceano\u00a0e a \u00e1gua doce de forma separada.<\/p>\n<p>\u201cO aquecimento global causa o aumento do n\u00edvel do mar, que est\u00e1 empurrando a \u00e1gua do mar para o interior, em rios, p\u00e2ntanos e reservas subterr\u00e2neas de \u00e1gua doce, com efeitos negativos na qualidade da \u00e1gua\u201d, afirma Peter Kraal, da NIOZ Sea Research, col\u00edder do cap\u00edtulo sobre \u00e1gua doce e oceano no artigo, em\u00a0comunicado \u00e0 imprensa.<\/p>\n<p>No cap\u00edtulo, o autor explica que a\u00a0eleva\u00e7\u00e3o do n\u00edvel do mar\u00a0e seu impacto na \u00e1gua doce podem levar a altera\u00e7\u00f5es nas condi\u00e7\u00f5es de vida da fauna aqu\u00e1tica e impactar a adequa\u00e7\u00e3o dessa \u00e1gua para o consumo e a agricultura.<\/p>\n<p>O trecho do artigo indica, ainda, que a \u201cintrus\u00e3o\u201d da \u00e1gua salgada \u2014 o movimento da \u00e1gua salina para dentro dos sistemas da \u00e1gua doce \u2014 tamb\u00e9m ocorre no subsolo, amplificada pela extra\u00e7\u00e3o excessiva de \u00e1gua subterr\u00e2nea doce por atividades humanas. Essa pr\u00e1tica pode alterar a qu\u00edmica e a qualidade dos aqu\u00edferos costeiros, segundo os autores.<\/p>\n<p>\u201cAl\u00e9m disso, as atividades humanas geram fluxos de res\u00edduos com coquet\u00e9is de produtos qu\u00edmicos perigosos que entram no ciclo global da \u00e1gua, fazendo seu caminho dos reservat\u00f3rios de \u00e1gua doce para o oceano. A \u00e1gua doce e o oceano est\u00e3o intimamente conectados e afetam um ao outro; precisamos entender como, para usar de forma sustent\u00e1vel ambos os componentes do ciclo global da \u00e1gua\u201d, acrescenta Kraal.<\/p>\n<h2>Artigo refor\u00e7a a import\u00e2ncia de novas pol\u00edticas para gerenciar recursos do oceano<\/h2>\n<p>O Navigating the Future VI \u00e9 um documento de posicionamento do European Marine Board (EMB) e explora o papel do oceano no sistema terrestre mais amplo e promove a colabora\u00e7\u00e3o entre disciplinas para lidar com quest\u00f5es globais.<\/p>\n<p>De acordo com\u00a0comunicado publicado pelo EMB, o documento visa influenciar e orientar programas de financiamento de pesquisas internacionais, europeus e nacionais, desenvolvimento de pol\u00edticas e inspirar a comunidade cient\u00edfica.<\/p>\n<p>O artigo ressalta a necessidade de uma nova abordagem para gerenciar os recursos do oceano. \u201cO oceano n\u00e3o \u00e9 mais visto como um ecossistema isolado; ele \u00e9 reconhecido como um elemento-chave na regula\u00e7\u00e3o do clima, sustentando a biodiversidade, garantindo o acesso \u00e0 \u00e1gua doce e apoiando os meios de subsist\u00eancia humanos. No entanto, o oceano tamb\u00e9m est\u00e1 sob imensa press\u00e3o das mudan\u00e7as clim\u00e1ticas, polui\u00e7\u00e3o e explora\u00e7\u00e3o insustent\u00e1vel\u201d, diz o comunicado do EMB.<\/p>\n<p>O documento foi estruturado em torno de quatro temas principais: pessoas, clima, \u00e1gua doce e biodiversidade. Entre as recomenda\u00e7\u00f5es feitas pelo artigo, est\u00e3o as prioridades de pesquisa marinhas para enfrentar desafios referentes \u00e0s\u00a0mudan\u00e7as clim\u00e1ticas, desde estrat\u00e9gias como resili\u00eancia h\u00eddrica e adapta\u00e7\u00e3o clim\u00e1tica, at\u00e9 prote\u00e7\u00e3o da biodiversidade e compreens\u00e3o da rela\u00e7\u00e3o entre oceano e popula\u00e7\u00e3o.<\/p>\n<p>Fonte: CNN<\/p>\n","protected":false},"excerpt":{"rendered":"<p>Cientistas e pesquisadores do oceano divulgaram uma nova publica\u00e7\u00e3o alertando para o\u00a0aumento do n\u00edvel do mar\u00a0e seus impactos em sistemas de \u00e1gua doce, diante do&#8230;<\/p>\n","protected":false},"author":1527,"featured_media":55519,"comment_status":"closed","ping_status":"closed","sticky":false,"template":"","format":"standard","meta":{"footnotes":""},"categories":[6],"tags":[],"class_list":["post-55517","post","type-post","status-publish","format-standard","has-post-thumbnail","hentry","category-noticias"],"_links":{"self":[{"href":"https:\/\/www.sincomam.org.br\/index.php\/wp-json\/wp\/v2\/posts\/55517","targetHints":{"allow":["GET"]}}],"collection":[{"href":"https:\/\/www.sincomam.org.br\/index.php\/wp-json\/wp\/v2\/posts"}],"about":[{"href":"https:\/\/www.sincomam.org.br\/index.php\/wp-json\/wp\/v2\/types\/post"}],"author":[{"embeddable":true,"href":"https:\/\/www.sincomam.org.br\/index.php\/wp-json\/wp\/v2\/users\/1527"}],"replies":[{"embeddable":true,"href":"https:\/\/www.sincomam.org.br\/index.php\/wp-json\/wp\/v2\/comments?post=55517"}],"version-history":[{"count":1,"href":"https:\/\/www.sincomam.org.br\/index.php\/wp-json\/wp\/v2\/posts\/55517\/revisions"}],"predecessor-version":[{"id":55520,"href":"https:\/\/www.sincomam.org.br\/index.php\/wp-json\/wp\/v2\/posts\/55517\/revisions\/55520"}],"wp:featuredmedia":[{"embeddable":true,"href":"https:\/\/www.sincomam.org.br\/index.php\/wp-json\/wp\/v2\/media\/55519"}],"wp:attachment":[{"href":"https:\/\/www.sincomam.org.br\/index.php\/wp-json\/wp\/v2\/media?parent=55517"}],"wp:term":[{"taxonomy":"category","embeddable":true,"href":"https:\/\/www.sincomam.org.br\/index.php\/wp-json\/wp\/v2\/categories?post=55517"},{"taxonomy":"post_tag","embeddable":true,"href":"https:\/\/www.sincomam.org.br\/index.php\/wp-json\/wp\/v2\/tags?post=55517"}],"curies":[{"name":"wp","href":"https:\/\/api.w.org\/{rel}","templated":true}]}}