{"id":55505,"date":"2024-11-26T09:31:26","date_gmt":"2024-11-26T12:31:26","guid":{"rendered":"http:\/\/www.sincomam.org.br\/?p=55505"},"modified":"2024-11-26T09:31:26","modified_gmt":"2024-11-26T12:31:26","slug":"marinha-participa-de-congresso-sobre-poluicao-marinha-em-recife","status":"publish","type":"post","link":"https:\/\/www.sincomam.org.br\/index.php\/marinha-participa-de-congresso-sobre-poluicao-marinha-em-recife\/","title":{"rendered":"Marinha participa de congresso sobre polui\u00e7\u00e3o marinha em Recife"},"content":{"rendered":"<p>A Capitania dos Portos de Pernambuco (CPPE) marcou presen\u00e7a no \u201cI MARLIM EXP\u201d, realizado em 14 de novembro no Espa\u00e7o Cais do Sert\u00e3o, em Recife-PE. O evento, promovido pelo Instituto \u00c1gua Sustent\u00e1vel, trouxe \u00e0 tona a discuss\u00e3o sobre \u201cRio limpo, mar limpo\u201d, propondo solu\u00e7\u00f5es para o enfrentamento do lixo nos ambientes aqu\u00e1ticos e destacando o papel das institui\u00e7\u00f5es na preserva\u00e7\u00e3o ambiental.<\/p>\n<h3><strong>O papel do \u201cI MARLIM EXP\u201d na conscientiza\u00e7\u00e3o ambiental<\/strong><\/h3>\n<p>O \u201cI MARLIM EXP\u201d reuniu autoridades, especialistas e representantes da sociedade civil para debater um dos maiores desafios ambientais: a polui\u00e7\u00e3o nos rios e mares. Com uma programa\u00e7\u00e3o diversificada, o evento incluiu atividades formativas, culturais e sensoriais, buscando engajar a sociedade em torno do tema \u201cRio limpo, mar limpo\u201d.<\/p>\n<p>Organizado pelo Instituto \u00c1gua Sustent\u00e1vel, o congresso foi palco para a apresenta\u00e7\u00e3o de solu\u00e7\u00f5es inovadoras, como tecnologias de reciclagem, pr\u00e1ticas de gest\u00e3o de res\u00edduos e campanhas educativas. \u201c\u00c9 essencial que todos os setores da sociedade se mobilizem para enfrentar essa crise\u201d, destacou Everton de Oliveira, presidente do instituto e idealizador do evento.<\/p>\n<h3><strong>A participa\u00e7\u00e3o da CPPE e sua contribui\u00e7\u00e3o para o debate<\/strong><\/h3>\n<p>A CPPE foi representada pelo Capit\u00e3o dos Portos de Pernambuco, Capit\u00e3o de Mar e Guerra Carlos Frederico Tojal do Vale. Durante o evento, ele refor\u00e7ou o compromisso da Marinha do\u00a0Brasil\u00a0com a prote\u00e7\u00e3o dos recursos h\u00eddricos e a seguran\u00e7a da navega\u00e7\u00e3o.<\/p>\n<p>A Capitania desempenha um papel importante em a\u00e7\u00f5es de fiscaliza\u00e7\u00e3o e educa\u00e7\u00e3o ambiental, promovendo iniciativas que visam reduzir o impacto da polui\u00e7\u00e3o nos rios e mares. \u201cEventos como este s\u00e3o fundamentais para fortalecer parcerias e ampliar o alcance das a\u00e7\u00f5es de preserva\u00e7\u00e3o ambiental\u201d, afirmou o Capit\u00e3o de Mar e Guerra.<\/p>\n<p>Al\u00e9m da CPPE, participaram do evento figuras de destaque como Suzana Montenegro, presidente da Ag\u00eancia Pernambucana de \u00c1guas e Clima, e Carlos Cavalcanti, Secret\u00e1rio-Executivo do Porto de Suape, o que evidenciou a relev\u00e2ncia da integra\u00e7\u00e3o entre diferentes setores na busca por solu\u00e7\u00f5es.<\/p>\n<h3><strong>Desafios e solu\u00e7\u00f5es para o lixo nos rios e mares<\/strong><\/h3>\n<p>A polui\u00e7\u00e3o marinha \u00e9 um problema global que tamb\u00e9m afeta gravemente a costa brasileira, incluindo o estado de Pernambuco. O descarte inadequado de res\u00edduos em rios e mares prejudica ecossistemas inteiros, comprometendo a fauna, a flora e as atividades econ\u00f4micas, como a pesca e o turismo.<\/p>\n<p>No \u201cI MARLIM EXP\u201d, foram apresentadas propostas para mitigar esses impactos, desde inova\u00e7\u00f5es tecnol\u00f3gicas at\u00e9 mudan\u00e7as de comportamento. Solu\u00e7\u00f5es como a amplia\u00e7\u00e3o da reciclagem, o incentivo ao consumo consciente e a cria\u00e7\u00e3o de pol\u00edticas p\u00fablicas mais r\u00edgidas foram amplamente discutidas.<\/p>\n<p>A CPPE destacou que o sucesso dessas iniciativas depende de uma colabora\u00e7\u00e3o cont\u00ednua entre institui\u00e7\u00f5es p\u00fablicas, privadas e a sociedade civil. Ao trabalhar em conjunto, \u00e9 poss\u00edvel reduzir os danos causados pelo lixo nos rios e mares, promovendo um futuro mais sustent\u00e1vel para as pr\u00f3ximas gera\u00e7\u00f5es.<\/p>\n<p>Fonte: Defesa em Foco<\/p>\n","protected":false},"excerpt":{"rendered":"<p>A Capitania dos Portos de Pernambuco (CPPE) marcou presen\u00e7a no \u201cI MARLIM EXP\u201d, realizado em 14 de novembro no Espa\u00e7o Cais do Sert\u00e3o, em Recife-PE&#8230;.<\/p>\n","protected":false},"author":1527,"featured_media":55507,"comment_status":"closed","ping_status":"closed","sticky":false,"template":"","format":"standard","meta":{"footnotes":""},"categories":[6],"tags":[],"class_list":["post-55505","post","type-post","status-publish","format-standard","has-post-thumbnail","hentry","category-noticias"],"_links":{"self":[{"href":"https:\/\/www.sincomam.org.br\/index.php\/wp-json\/wp\/v2\/posts\/55505","targetHints":{"allow":["GET"]}}],"collection":[{"href":"https:\/\/www.sincomam.org.br\/index.php\/wp-json\/wp\/v2\/posts"}],"about":[{"href":"https:\/\/www.sincomam.org.br\/index.php\/wp-json\/wp\/v2\/types\/post"}],"author":[{"embeddable":true,"href":"https:\/\/www.sincomam.org.br\/index.php\/wp-json\/wp\/v2\/users\/1527"}],"replies":[{"embeddable":true,"href":"https:\/\/www.sincomam.org.br\/index.php\/wp-json\/wp\/v2\/comments?post=55505"}],"version-history":[{"count":1,"href":"https:\/\/www.sincomam.org.br\/index.php\/wp-json\/wp\/v2\/posts\/55505\/revisions"}],"predecessor-version":[{"id":55508,"href":"https:\/\/www.sincomam.org.br\/index.php\/wp-json\/wp\/v2\/posts\/55505\/revisions\/55508"}],"wp:featuredmedia":[{"embeddable":true,"href":"https:\/\/www.sincomam.org.br\/index.php\/wp-json\/wp\/v2\/media\/55507"}],"wp:attachment":[{"href":"https:\/\/www.sincomam.org.br\/index.php\/wp-json\/wp\/v2\/media?parent=55505"}],"wp:term":[{"taxonomy":"category","embeddable":true,"href":"https:\/\/www.sincomam.org.br\/index.php\/wp-json\/wp\/v2\/categories?post=55505"},{"taxonomy":"post_tag","embeddable":true,"href":"https:\/\/www.sincomam.org.br\/index.php\/wp-json\/wp\/v2\/tags?post=55505"}],"curies":[{"name":"wp","href":"https:\/\/api.w.org\/{rel}","templated":true}]}}