{"id":55501,"date":"2024-11-26T08:09:17","date_gmt":"2024-11-26T11:09:17","guid":{"rendered":"http:\/\/www.sincomam.org.br\/?p=55501"},"modified":"2024-11-26T08:09:17","modified_gmt":"2024-11-26T11:09:17","slug":"reforma-trabalhista-se-aplica-a-contratos-anteriores-a-lei-decide-tst","status":"publish","type":"post","link":"https:\/\/www.sincomam.org.br\/index.php\/reforma-trabalhista-se-aplica-a-contratos-anteriores-a-lei-decide-tst\/","title":{"rendered":"Reforma trabalhista se aplica a contratos anteriores \u00e0 lei, decide TST"},"content":{"rendered":"<p>O Tribunal Superior do Trabalho (TST) decidiu nesta segunda-feira (25) que a reforma trabalhista aprovada em 2017 deve ser aplicada a contratos que estavam em curso antes da vig\u00eancia da lei que regulamentou as mudan\u00e7as.<img decoding=\"async\" src=\"https:\/\/agenciabrasil.ebc.com.br\/ebc.png?id=1621184&amp;o=node\" \/><img decoding=\"async\" src=\"https:\/\/agenciabrasil.ebc.com.br\/ebc.gif?id=1621184&amp;o=node\" \/><\/p>\n<p>A decis\u00e3o do tribunal confirma que as empresas n\u00e3o s\u00e3o obrigadas a manter benef\u00edcios trabalhistas que foram extintos pela reforma, como o pagamento de horas pelo deslocamento dos trabalhadores at\u00e9 o local de trabalho (horas\u00a0<em>in itinere<\/em>).<\/p>\n<p>O entendimento foi firmado por maioria de votos pelo plen\u00e1rio do TST durante o julgamento sobre a aplica\u00e7\u00e3o temporal da reforma, que entrou em vigor em 11 de novembro de 2017, por meio da\u00a0<a href=\"https:\/\/www.planalto.gov.br\/ccivil_03\/_ato2015-2018\/2017\/lei\/l13467.htm\" target=\"_blank\" rel=\"noopener\">Lei\u00a013.467\/2017<\/a>.<\/p>\n<p>Conforme a tese vencedora do julgamento, elaborada pelo relator, ministro Aloysio Corr\u00eaa da Veiga, a reforma tem aplica\u00e7\u00e3o imediata aos contratos trabalhistas que estavam em vigor.<\/p>\n<p>&#8220;A Lei 13.467 de 2017 possui aplica\u00e7\u00e3o imediata aos contratos de trabalho em curso, passando a regular os direitos decorrentes de lei, cujos fatos geradores tenham se efetivado a partir da sua vig\u00eancia&#8221;, definiu o tribunal.<\/p>\n<p>A tese dever\u00e1 ser aplicada a todos os processos semelhantes que est\u00e3o em tramita\u00e7\u00e3o na Justi\u00e7a do Trabalho no pa\u00eds.<\/p>\n<p>O caso concreto que motivou o julgamento trata do processo de uma trabalhadora que processou um frigor\u00edfico de Rond\u00f4nia para receber pelas horas de deslocamento no \u00f4nibus fornecido pela empresa no per\u00edodo entre 2013 e 2018.<\/p>\n<p>Com a decis\u00e3o do TST, as horas devem ser pagas pelo empregador at\u00e9 10 de novembro de 2017, um dia antes da entrada em vigor da lei.<\/p>\n<p>Fonte: Ag\u00eancia Brasil<\/p>\n","protected":false},"excerpt":{"rendered":"<p>O Tribunal Superior do Trabalho (TST) decidiu nesta segunda-feira (25) que a reforma trabalhista aprovada em 2017 deve ser aplicada a contratos que estavam em&#8230;<\/p>\n","protected":false},"author":1527,"featured_media":55503,"comment_status":"closed","ping_status":"closed","sticky":false,"template":"","format":"standard","meta":{"footnotes":""},"categories":[6],"tags":[],"class_list":["post-55501","post","type-post","status-publish","format-standard","has-post-thumbnail","hentry","category-noticias"],"_links":{"self":[{"href":"https:\/\/www.sincomam.org.br\/index.php\/wp-json\/wp\/v2\/posts\/55501","targetHints":{"allow":["GET"]}}],"collection":[{"href":"https:\/\/www.sincomam.org.br\/index.php\/wp-json\/wp\/v2\/posts"}],"about":[{"href":"https:\/\/www.sincomam.org.br\/index.php\/wp-json\/wp\/v2\/types\/post"}],"author":[{"embeddable":true,"href":"https:\/\/www.sincomam.org.br\/index.php\/wp-json\/wp\/v2\/users\/1527"}],"replies":[{"embeddable":true,"href":"https:\/\/www.sincomam.org.br\/index.php\/wp-json\/wp\/v2\/comments?post=55501"}],"version-history":[{"count":1,"href":"https:\/\/www.sincomam.org.br\/index.php\/wp-json\/wp\/v2\/posts\/55501\/revisions"}],"predecessor-version":[{"id":55504,"href":"https:\/\/www.sincomam.org.br\/index.php\/wp-json\/wp\/v2\/posts\/55501\/revisions\/55504"}],"wp:featuredmedia":[{"embeddable":true,"href":"https:\/\/www.sincomam.org.br\/index.php\/wp-json\/wp\/v2\/media\/55503"}],"wp:attachment":[{"href":"https:\/\/www.sincomam.org.br\/index.php\/wp-json\/wp\/v2\/media?parent=55501"}],"wp:term":[{"taxonomy":"category","embeddable":true,"href":"https:\/\/www.sincomam.org.br\/index.php\/wp-json\/wp\/v2\/categories?post=55501"},{"taxonomy":"post_tag","embeddable":true,"href":"https:\/\/www.sincomam.org.br\/index.php\/wp-json\/wp\/v2\/tags?post=55501"}],"curies":[{"name":"wp","href":"https:\/\/api.w.org\/{rel}","templated":true}]}}