{"id":5550,"date":"2014-05-19T08:27:34","date_gmt":"2014-05-19T11:27:34","guid":{"rendered":"http:\/\/www.sincomam.org.br\/?p=5550"},"modified":"2014-05-18T18:49:21","modified_gmt":"2014-05-18T21:49:21","slug":"porto-de-santos-recebe-delegacao-de-oma","status":"publish","type":"post","link":"https:\/\/www.sincomam.org.br\/index.php\/porto-de-santos-recebe-delegacao-de-oma\/","title":{"rendered":"Porto de Santos recebe delega\u00e7\u00e3o de Om\u00e3"},"content":{"rendered":"<p><strong><em>Delega\u00e7\u00e3o demonstrou interesse em um acordo de coopera\u00e7\u00e3o com a CODESP<\/em><\/strong><\/p>\n<p>A Codesp (Companhia de Docas do Estado S\u00e3o Paulo) recebeu a visita de representantes do Porto de Duqm, administrado pela Autoridade da Zona Econ\u00f4mica Especial de Om\u00e3, que engloba complexo formado por instala\u00e7\u00f5es portu\u00e1rias, plataforma log\u00edstica e ind\u00fastria de transforma\u00e7\u00e3o.<\/p>\n<p>Situada no centro leste de Om\u00e3 e banhada pelo mar Ar\u00e1bico, entre a pen\u00ednsula \u00c1rabe e a \u00cdndia, Duqm \u00e9 uma cidade que experimenta um acelerado crescimento, impulsionado pela instala\u00e7\u00e3o da zona especial criada em 2007.<\/p>\n<p>O ministro da Zona Econ\u00f4mica de Duqm, Yahya Said Abdullah Al Jabri, demonstrou interesse em informa\u00e7\u00f5es sobre a concorr\u00eancia entre portos no Brasil, modelo de gest\u00e3o portu\u00e1ria, atra\u00e7\u00e3o de empresas do setor e programas de responsabilidade social. Al Jabri sugeriu a assinatura de acordo de coopera\u00e7\u00e3o entre os dois portos.<\/p>\n<p>O presidente da CODESP, Angelino Caputo, e representantes da \u00e1rea comercial da empresa reuniram-se com a delega\u00e7\u00e3o \u00e1rabe. Caputo destacou o atual momento do segmento portu\u00e1rio com a instala\u00e7\u00e3o do novo marco regulat\u00f3rio do setor e o esfor\u00e7o da Autoridade Portu\u00e1ria em Santos para garantir atendimento ao forte crescimento de demanda\u00a0 previsto nos pr\u00f3ximos anos.<\/p>\n<p>O embaixador de Om\u00e3 no Brasil, Khalid Said Salem Al Jaradi acompanhou a delega\u00e7\u00e3o, que contou tamb\u00e9m com a participa\u00e7\u00e3o do representante da C\u00e2mara de Com\u00e9rcio \u00c1rabe no Brasil, Michel Alabi.<\/p>\n<p>Fonte: Guia Mar\u00edtimo<\/p>\n","protected":false},"excerpt":{"rendered":"<p>Delega\u00e7\u00e3o demonstrou interesse em um acordo de coopera\u00e7\u00e3o com a CODESP A Codesp (Companhia de Docas do Estado S\u00e3o Paulo) recebeu a visita de representantes&#8230;<\/p>\n","protected":false},"author":1182,"featured_media":5432,"comment_status":"closed","ping_status":"closed","sticky":false,"template":"","format":"standard","meta":{"footnotes":""},"categories":[6],"tags":[1223,1224,80,89],"class_list":["post-5550","post","type-post","status-publish","format-standard","has-post-thumbnail","hentry","category-noticias","tag-delegacao","tag-oma","tag-porto","tag-santos"],"_links":{"self":[{"href":"https:\/\/www.sincomam.org.br\/index.php\/wp-json\/wp\/v2\/posts\/5550","targetHints":{"allow":["GET"]}}],"collection":[{"href":"https:\/\/www.sincomam.org.br\/index.php\/wp-json\/wp\/v2\/posts"}],"about":[{"href":"https:\/\/www.sincomam.org.br\/index.php\/wp-json\/wp\/v2\/types\/post"}],"author":[{"embeddable":true,"href":"https:\/\/www.sincomam.org.br\/index.php\/wp-json\/wp\/v2\/users\/1182"}],"replies":[{"embeddable":true,"href":"https:\/\/www.sincomam.org.br\/index.php\/wp-json\/wp\/v2\/comments?post=5550"}],"version-history":[{"count":1,"href":"https:\/\/www.sincomam.org.br\/index.php\/wp-json\/wp\/v2\/posts\/5550\/revisions"}],"predecessor-version":[{"id":5551,"href":"https:\/\/www.sincomam.org.br\/index.php\/wp-json\/wp\/v2\/posts\/5550\/revisions\/5551"}],"wp:featuredmedia":[{"embeddable":true,"href":"https:\/\/www.sincomam.org.br\/index.php\/wp-json\/wp\/v2\/media\/5432"}],"wp:attachment":[{"href":"https:\/\/www.sincomam.org.br\/index.php\/wp-json\/wp\/v2\/media?parent=5550"}],"wp:term":[{"taxonomy":"category","embeddable":true,"href":"https:\/\/www.sincomam.org.br\/index.php\/wp-json\/wp\/v2\/categories?post=5550"},{"taxonomy":"post_tag","embeddable":true,"href":"https:\/\/www.sincomam.org.br\/index.php\/wp-json\/wp\/v2\/tags?post=5550"}],"curies":[{"name":"wp","href":"https:\/\/api.w.org\/{rel}","templated":true}]}}