{"id":55497,"date":"2024-11-26T08:02:20","date_gmt":"2024-11-26T11:02:20","guid":{"rendered":"http:\/\/www.sincomam.org.br\/?p=55497"},"modified":"2024-11-26T08:02:20","modified_gmt":"2024-11-26T11:02:20","slug":"natal-recebe-a-ii-semana-da-amazonia-azul-economia-do-mar","status":"publish","type":"post","link":"https:\/\/www.sincomam.org.br\/index.php\/natal-recebe-a-ii-semana-da-amazonia-azul-economia-do-mar\/","title":{"rendered":"Natal recebe a \u201cII Semana da Amaz\u00f4nia Azul &#038; Economia do Mar\u201d"},"content":{"rendered":"<p class=\"text-align-justify\">A capital do Rio Grande do Norte recebeu uma vasta programa\u00e7\u00e3o para celebrar o Dia da Amaz\u00f4nia Azul, conceito pol\u00edtico-estrat\u00e9gico criado para remeter \u00e0 import\u00e2ncia do Poder Mar\u00edtimo para o Brasil. Ocorrida no per\u00edodo de 8 a 16 de novembro, a II Semana da Amaz\u00f4nia Azul &amp; Economia do Mar proporcionou uma s\u00e9rie de eventos institucionais, esportivos e culturais para divulgar para a sociedade natalense o significado do conceito e a import\u00e2ncia da Economia do Mar para o desenvolvimento do estado, com possibilidades de gera\u00e7\u00e3o de emprego, renda, al\u00e9m de remeter \u00e0 import\u00e2ncia do Poder Mar\u00edtimo ao Brasil.<\/p>\n<p class=\"text-align-justify\">A abertura do evento, promovida pela Sociedade Amigos da Marinha em Natal (SOAMAR &#8211; Natal), com o apoio do Comando do 3\u00ba Distrito Naval (Com3\u00b0DN), foi marcada pelo f\u00f3rum de debates, em que o modelo denominado Tr\u00edplice H\u00e9lice esteve presente, ao evidenciar a intera\u00e7\u00e3o entre a Academia, a Ind\u00fastria e o Governo, com abordagens de diferentes temas relacionados \u00e0 Economia do Mar.<\/p>\n<p class=\"text-align-justify\">\u201cPara a SOAMAR-Natal \u00e9 uma grande satisfa\u00e7\u00e3o promover o desenvolvimento da mentalidade mar\u00edtima, por meio do debate entre setores t\u00e3o importantes para o nosso estado\u201d, explicou o presidente da institui\u00e7\u00e3o, o Dr. Paulo C\u00e9sar Dantas Fernandes.<\/p>\n<p class=\"text-align-justify\">No dia 10 de novembro, aconteceu a Regata a Vela e a Remo, realizada pelo Iate Clube do Natal, onde se deu a premia\u00e7\u00e3o da Regata da Amaz\u00f4nia Azul, com os vencedores das categorias a vela, remo e canoagem.<\/p>\n<p class=\"text-align-justify\">J\u00e1 no dia 12, foi promovida a primeira \u201cTer\u00e7a Cultural\u201d, na Base Naval de Natal, em que 600 crian\u00e7as, adolescentes e professores do Ensino Fundamental II e M\u00e9dio de escolas p\u00fablicas estaduais de Natal, Parnamirim e S\u00e3o Gon\u00e7alo do Amarante, exibiram seus projetos em uma Feira de Ci\u00eancias com o tema \u201cA import\u00e2ncia da Amaz\u00f4nia Azul &amp; Economia do Mar para o desenvolvimento do Rio Grande do Norte e do Brasil\u201d. Os estudantes e professores tamb\u00e9m visitaram os Navios de Guerra da Marinha do Brasil e puderam apreciar exposi\u00e7\u00f5es de material militar, carros antigos e de material hist\u00f3rico da 2\u00aa Guerra Mundial, al\u00e9m de estandes da Companhia de \u00c1guas e Esgotos do Rio Grande do Norte do SESC-RN, do SESI e da CRN-Bio Ambiental e Arqueologia.<\/p>\n<p>O encerramento da II Semana da Amaz\u00f4nia Azul &amp; Economia do Mar aconteceu no dia 16 de novembro, com os eventos de nata\u00e7\u00e3o e \u00a0triatlo, promovidos pela SOAMAR-Natal e a Sportri Eventos. A competi\u00e7\u00e3o de nata\u00e7\u00e3o teve tr\u00eas dist\u00e2ncias: 500, 1.500 e 3.000 metros, com sa\u00edda da praia de Miami-Natal, assim como o percurso do triatlo. Cinco pelot\u00f5es de corrida, compostos por militares da Marinha do Brasil, do Ex\u00e9rcito Brasileiro, da Pol\u00edcia Militar do RN e do Corpo de Bombeiros Militar do RN representaram as suas institui\u00e7\u00f5es, conduzindo a Bandeira do Brasil e a bandeira representativa do evento.]<\/p>\n<p><strong>Amaz\u00f4nia Azul<\/strong><\/p>\n<p class=\"text-align-justify\">A Amaz\u00f4nia Azul, conceito relacionado \u00e0s \u00c1guas Jurisdicionais Brasileiras, \u00e9 a regi\u00e3o que compreende a superf\u00edcie do mar, \u00e1guas sobrejacentes ao leito do mar, solo e subsolo marinhos contidos na extens\u00e3o atl\u00e2ntica que se projeta a partir do litoral at\u00e9 o limite exterior da Plataforma Continental brasileira, al\u00e9m das \u00e1guas interiores, como rios e lagos, abrangendo cerca de 5,7 milh\u00f5es de km\u00b2. Assim como a Amaz\u00f4nia \u201cVerde\u201d, possui uma riqueza incalcul\u00e1vel em biodiversidade e recursos materiais, como o petr\u00f3leo, sendo um patrim\u00f4nio do povo brasileiro, que deve ser protegido e sustentavelmente explorado, gerando riqueza para o Pa\u00eds.<\/p>\n<p class=\"text-align-justify\">A Economia do Mar \u00e9 representada por um ambiente marinho que proporciona gera\u00e7\u00e3o de emprego e renda, de forma sustent\u00e1vel, evidenciando o equil\u00edbrio entre recursos naturais, o ser humano e as atividades econ\u00f4micas. Est\u00e1 contida no conceito de Cultura Oce\u00e2nica, sendo esta traduzida como a compreens\u00e3o, por parte da popula\u00e7\u00e3o em geral, da import\u00e2ncia do mar para a sua sobreviv\u00eancia como esp\u00e9cie e para a sua prosperidade econ\u00f4mica e social, conforme a \u201cD\u00e9cada do Oceano\u201d, estabelecida pela UNESCO, no per\u00edodo de 2021 e 2030.<\/p>\n<p>Fonte: Ag\u00eancia Marinha de Not\u00edcias<\/p>\n","protected":false},"excerpt":{"rendered":"<p>A capital do Rio Grande do Norte recebeu uma vasta programa\u00e7\u00e3o para celebrar o Dia da Amaz\u00f4nia Azul, conceito pol\u00edtico-estrat\u00e9gico criado para remeter \u00e0 import\u00e2ncia&#8230;<\/p>\n","protected":false},"author":1527,"featured_media":55499,"comment_status":"closed","ping_status":"closed","sticky":false,"template":"","format":"standard","meta":{"footnotes":""},"categories":[6],"tags":[],"class_list":["post-55497","post","type-post","status-publish","format-standard","has-post-thumbnail","hentry","category-noticias"],"_links":{"self":[{"href":"https:\/\/www.sincomam.org.br\/index.php\/wp-json\/wp\/v2\/posts\/55497","targetHints":{"allow":["GET"]}}],"collection":[{"href":"https:\/\/www.sincomam.org.br\/index.php\/wp-json\/wp\/v2\/posts"}],"about":[{"href":"https:\/\/www.sincomam.org.br\/index.php\/wp-json\/wp\/v2\/types\/post"}],"author":[{"embeddable":true,"href":"https:\/\/www.sincomam.org.br\/index.php\/wp-json\/wp\/v2\/users\/1527"}],"replies":[{"embeddable":true,"href":"https:\/\/www.sincomam.org.br\/index.php\/wp-json\/wp\/v2\/comments?post=55497"}],"version-history":[{"count":1,"href":"https:\/\/www.sincomam.org.br\/index.php\/wp-json\/wp\/v2\/posts\/55497\/revisions"}],"predecessor-version":[{"id":55500,"href":"https:\/\/www.sincomam.org.br\/index.php\/wp-json\/wp\/v2\/posts\/55497\/revisions\/55500"}],"wp:featuredmedia":[{"embeddable":true,"href":"https:\/\/www.sincomam.org.br\/index.php\/wp-json\/wp\/v2\/media\/55499"}],"wp:attachment":[{"href":"https:\/\/www.sincomam.org.br\/index.php\/wp-json\/wp\/v2\/media?parent=55497"}],"wp:term":[{"taxonomy":"category","embeddable":true,"href":"https:\/\/www.sincomam.org.br\/index.php\/wp-json\/wp\/v2\/categories?post=55497"},{"taxonomy":"post_tag","embeddable":true,"href":"https:\/\/www.sincomam.org.br\/index.php\/wp-json\/wp\/v2\/tags?post=55497"}],"curies":[{"name":"wp","href":"https:\/\/api.w.org\/{rel}","templated":true}]}}