{"id":55493,"date":"2024-11-26T08:00:18","date_gmt":"2024-11-26T11:00:18","guid":{"rendered":"http:\/\/www.sincomam.org.br\/?p=55493"},"modified":"2024-11-26T09:53:17","modified_gmt":"2024-11-26T12:53:17","slug":"marinha-reune-comunidade-maritima-em-simposio-sobre-navegacao-e-desenvolvimento-da-regiao-norte","status":"publish","type":"post","link":"https:\/\/www.sincomam.org.br\/index.php\/marinha-reune-comunidade-maritima-em-simposio-sobre-navegacao-e-desenvolvimento-da-regiao-norte\/","title":{"rendered":"Simp\u00f3sio sobre navega\u00e7\u00e3o e desenvolvimento da Regi\u00e3o Norte re\u00fane comunidade mar\u00edtima"},"content":{"rendered":"<p class=\"text-align-justify\">A Marinha do Brasil realizou o Simp\u00f3sio \u201cSeguran\u00e7a da Navega\u00e7\u00e3o e Desenvolvimento Regional do Norte\u201d, em Manaus (AM). Promovido na \u00faltima sexta-feira (22), o evento reuniu diversos representantes da comunidade mar\u00edtima no debate de relevantes tem\u00e1ticas para a regi\u00e3o amaz\u00f4nica, como a hidrovia do Rio Madeira, a cabotagem, a constru\u00e7\u00e3o naval, entre outros.<\/p>\n<p class=\"text-align-justify\">Ocorrido no audit\u00f3rio Senador Jo\u00e3o Bosco Ramos de Lima, na Assembleia Legislativa do Estado do Amazonas, o simp\u00f3sio tamb\u00e9m marcou a celebra\u00e7\u00e3o dos 150 anos de cria\u00e7\u00e3o da Capitania Fluvial da Amaz\u00f4nia Ocidental.<\/p>\n<p class=\"text-align-justify\">O Comandante do 9\u00ba Distrito Naval, Vice-Almirante Jo\u00e3o Alberto de Araujo Lampert, destacou que o encontro contribuiu com a aproxima\u00e7\u00e3o e a consolida\u00e7\u00e3o das atividades que a Marinha faz junto \u00e0 sociedade e \u00e0 comunidade mar\u00edtima na regi\u00e3o. \u201cAqui n\u00f3s temos n\u00e3o s\u00f3 representantes da Marinha, mas tamb\u00e9m de v\u00e1rios segmentos da comunidade mar\u00edtima, incluindo universidades, ind\u00fastria e associa\u00e7\u00f5es. E nesse simp\u00f3sio n\u00f3s podemos dialogar, trocar ideias, al\u00e9m de apresentar o presente e o futuro para a nossa Amaz\u00f4nia\u201d, afirmou.<\/p>\n<p class=\"text-align-justify\">De acordo com o Almirante, o universo mar\u00edtimo \u00e9 um mosaico de interesses, sendo que muitos deles s\u00e3o convergentes, e a Marinha est\u00e1 promovendo esses encontros com intuito de fortalecer essa sinergia, para transformar ou diluir diverg\u00eancias em prol da sociedade. Nesse sentido, o Simp\u00f3sio foi encerrado com a assinatura de um Protocolo de Inten\u00e7\u00f5es do Cluster Naval do Amazonas.<\/p>\n<p class=\"text-align-justify\">Al\u00e9m do Comando do 9\u00ba Distrito Naval, o documento foi assinado pelos parlamentares Sin\u00e9sio Campos e Adjuto Afonso, da Assembleia Legislativa do Estado do Amazonas, Universidade Federal do Amazonas, Sindicato da Ind\u00fastria da Constru\u00e7\u00e3o Naval, N\u00e1utica, <em>Offshore<\/em> e Reparos do Amazonas, Centro da Ind\u00fastria do Estado do Amazonas e Conselho Regional de Engenharia e Agronomia do Amazonas.<\/p>\n<h5 class=\"text-align-justify\">Programa\u00e7\u00e3o<\/h5>\n<p class=\"text-align-justify\">O Simp\u00f3sio \u201cSeguran\u00e7a da Navega\u00e7\u00e3o e Desenvolvimento Regional do Norte\u201d contou com seis conferencistas, que ministraram palestras sobre a Seguran\u00e7a da Navega\u00e7\u00e3o e o Desenvolvimento Regional do Norte, sob a perspectiva de suas \u00e1reas de atua\u00e7\u00e3o.<\/p>\n<p class=\"text-align-justify\">O Diretor do Departamento de Navega\u00e7\u00e3o e Fomento da Secretaria Nacional de Hidrovias e Navega\u00e7\u00e3o, Otto Luiz Burlier, representando o Minist\u00e9rio de Portos e Aeroportos, discorreu sobre a concess\u00e3o da Hidrovia do Madeira e as contribui\u00e7\u00f5es do Fundo da Marinha Mercante. \u00a0\u201c\u00c9 uma grande oportunidade para n\u00f3s estarmos aqui hoje representando o Minist\u00e9rio de Portos e Aeroportos. Nosso objetivo na Secretaria Nacional de Hidrovias \u00e9 promover o desenvolvimento das hidrovias brasileiras e navega\u00e7\u00e3o interior. N\u00f3s somos os coordenadores do Fundo da Marinha Mercante, ent\u00e3o nosso papel aqui \u00e9 contribuir um pouco com o nosso trabalho e participar, ouvir, aprender e estarmos cada vez mais pr\u00f3ximos da Marinha do Brasil\u201d, explicou.<\/p>\n<p class=\"text-align-justify\">O Diretor-Presidente da Associa\u00e7\u00e3o Brasileira de Armadores de Cabotagem, Julian Roger Crispin Thomas, apresentou a tend\u00eancia no aumento do tamanho dos navios e o futuro da navega\u00e7\u00e3o de cabotagem na Regi\u00e3o Norte. \u201cO modal da cabotagem depende muito da comunidade de Manaus e vice-versa, porque hoje 70% do volume que se movimenta de e para Manaus \u00e9 feito via cabotagem. Ent\u00e3o \u00e9 de suma import\u00e2ncia para os dois que as coisas funcionem e que cres\u00e7am. A coopera\u00e7\u00e3o e a intera\u00e7\u00e3o entre toda a comunidade, incluindo armadores, autoridades, ind\u00fastria, com\u00e9rcio, trabalhadores e empres\u00e1rios deve funcionar bem para continuar o caminho do sucesso e de crescimento\u201d, destacou Julian.<\/p>\n<p class=\"text-align-justify\">Em seguida, o Presidente da Associa\u00e7\u00e3o Brasileira para o Desenvolvimento da Navega\u00e7\u00e3o Interior, Claudiomiro Carvalho, abordou a tem\u00e1tica do simp\u00f3sio na perspectiva da navega\u00e7\u00e3o interior, e a historiadora Etelvina Garcia apresentou uma perspectiva hist\u00f3rica sobre a constru\u00e7\u00e3o naval e o desenvolvimento regional.<\/p>\n<p class=\"text-align-justify\">O reitor da Universidade Federal do Amazonas (UFAM), Sylvio M\u00e1rio Puga Ferreira, explicou como se d\u00e1 a participa\u00e7\u00e3o da academia na seguran\u00e7a da navega\u00e7\u00e3o e desenvolvimento do Norte. J\u00e1 Fl\u00e1vio Silveira, do Sindicato da Ind\u00fastria da Constru\u00e7\u00e3o Naval, N\u00e1utica, Offshore e Reparos do Amazonas, discorreu sobre a constru\u00e7\u00e3o naval.<\/p>\n<h5 class=\"text-align-justify\">150 anos da Capitania Fluvial da Amaz\u00f4nia Ocidental<\/h5>\n<p class=\"text-align-justify\">Neste m\u00eas de novembro, a Capitania Fluvial da Amaz\u00f4nia Ocidental (CFAOC) celebra 150 anos de hist\u00f3ria. Sua trajet\u00f3ria teve in\u00edcio em 1874, com a chegada da navega\u00e7\u00e3o a vapor \u00e0 cidade de Manaus, marcando o come\u00e7o de uma era de crescimento exponencial no com\u00e9rcio fluvial da ent\u00e3o Prov\u00edncia do Amazonas.<\/p>\n<p class=\"text-align-justify\">No ano de seu sesquicenten\u00e1rio, a import\u00e2ncia dos rios brasileiros para o desenvolvimento regional torna-se ainda mais evidente, especialmente com a crescente relev\u00e2ncia do arco norte para os Amaz\u00f4nidas e para o Brasil. Dentre suas atividades, a CFAOC atua fiscalizando o cumprimento das normas que garantem uma navega\u00e7\u00e3o sem acidentes, a salvaguarda da vida humana e a preven\u00e7\u00e3o da polui\u00e7\u00e3o h\u00eddrica, al\u00e9m de executar o Ensino Profissional Mar\u00edtimo.<\/p>\n<p>\u201cTodos est\u00e3o aqui para alavancar a navega\u00e7\u00e3o, que \u00e9 um tema importante para a regi\u00e3o. Aqui n\u00f3s temos o melhor turismo de selva, a melhor pesca esportiva do mundo, embarca\u00e7\u00f5es dos mais diversos tipos, como voadeira, regionais, graneleiros, cont\u00eaineres, de turismo, tudo convivendo aqui. Temos a navega\u00e7\u00e3o no nosso DNA. Hoje \u00e9 um dia hist\u00f3rico com a assinatura do protocolo de inten\u00e7\u00f5es para formar o estatuto e alavancar a navega\u00e7\u00e3o na regi\u00e3o\u201d, finalizou.<\/p>\n<p>Fonte: Ag\u00eancia Marinha de Not\u00edcias<\/p>\n","protected":false},"excerpt":{"rendered":"<p>A Marinha do Brasil realizou o Simp\u00f3sio \u201cSeguran\u00e7a da Navega\u00e7\u00e3o e Desenvolvimento Regional do Norte\u201d, em Manaus (AM). Promovido na \u00faltima sexta-feira (22), o evento&#8230;<\/p>\n","protected":false},"author":1527,"featured_media":55495,"comment_status":"closed","ping_status":"closed","sticky":false,"template":"","format":"standard","meta":{"footnotes":""},"categories":[6],"tags":[],"class_list":["post-55493","post","type-post","status-publish","format-standard","has-post-thumbnail","hentry","category-noticias"],"_links":{"self":[{"href":"https:\/\/www.sincomam.org.br\/index.php\/wp-json\/wp\/v2\/posts\/55493","targetHints":{"allow":["GET"]}}],"collection":[{"href":"https:\/\/www.sincomam.org.br\/index.php\/wp-json\/wp\/v2\/posts"}],"about":[{"href":"https:\/\/www.sincomam.org.br\/index.php\/wp-json\/wp\/v2\/types\/post"}],"author":[{"embeddable":true,"href":"https:\/\/www.sincomam.org.br\/index.php\/wp-json\/wp\/v2\/users\/1527"}],"replies":[{"embeddable":true,"href":"https:\/\/www.sincomam.org.br\/index.php\/wp-json\/wp\/v2\/comments?post=55493"}],"version-history":[{"count":3,"href":"https:\/\/www.sincomam.org.br\/index.php\/wp-json\/wp\/v2\/posts\/55493\/revisions"}],"predecessor-version":[{"id":55524,"href":"https:\/\/www.sincomam.org.br\/index.php\/wp-json\/wp\/v2\/posts\/55493\/revisions\/55524"}],"wp:featuredmedia":[{"embeddable":true,"href":"https:\/\/www.sincomam.org.br\/index.php\/wp-json\/wp\/v2\/media\/55495"}],"wp:attachment":[{"href":"https:\/\/www.sincomam.org.br\/index.php\/wp-json\/wp\/v2\/media?parent=55493"}],"wp:term":[{"taxonomy":"category","embeddable":true,"href":"https:\/\/www.sincomam.org.br\/index.php\/wp-json\/wp\/v2\/categories?post=55493"},{"taxonomy":"post_tag","embeddable":true,"href":"https:\/\/www.sincomam.org.br\/index.php\/wp-json\/wp\/v2\/tags?post=55493"}],"curies":[{"name":"wp","href":"https:\/\/api.w.org\/{rel}","templated":true}]}}