{"id":5544,"date":"2014-05-19T08:10:44","date_gmt":"2014-05-19T11:10:44","guid":{"rendered":"http:\/\/www.sincomam.org.br\/?p=5544"},"modified":"2014-05-18T18:34:37","modified_gmt":"2014-05-18T21:34:37","slug":"brasil-e-uruguai-assinam-acordo-de-integracao-da-industria-naval","status":"publish","type":"post","link":"https:\/\/www.sincomam.org.br\/index.php\/brasil-e-uruguai-assinam-acordo-de-integracao-da-industria-naval\/","title":{"rendered":"Brasil e Uruguai assinam acordo de integra\u00e7\u00e3o da ind\u00fastria naval"},"content":{"rendered":"<p>A produ\u00e7\u00e3o da ind\u00fastria naval uruguaia ser\u00e1 considerada no Brasil como produto local e vice-versa, em virtude de um acordo assinado na \u00faltima quinta-feira (15) entre ambos os governos para integrar esta ind\u00fastria e suas cadeias produtivas.<\/p>\n<p>O conv\u00eanio foi assinado por representantes de ambos os pa\u00edses durante o I Encontro da Ind\u00fastria Naval, Petr\u00f3leo e G\u00e1s Uruguai-Brasil que come\u00e7ou hoje na capital uruguaia, onde foi destacado esse documento como um marco para o desenvolvimento regional.<\/p>\n<p>O reconhecimento rec\u00edproco de produ\u00e7\u00e3o local da ind\u00fastria naval se estende tamb\u00e9m aos servi\u00e7os e inscreve-se dentro dos trabalhos do Grupo de Alto N\u00edvel Uruguai-Brasil estabelecido pelos presidentes Jos\u00e9 Mujica e Dilma Rousseff para promover uma maior integra\u00e7\u00e3o bilateral.<\/p>\n<p>Segundo informou o Minist\u00e9rio de Ind\u00fastria do Uruguai em comunicado, esta iniciativa faz parte de uma agenda com a\u00e7\u00f5es concretas para avan\u00e7ar na integra\u00e7\u00e3o em \u00e1reas de capacita\u00e7\u00e3o, certid\u00e3o e acordos p\u00fablico-privados tanto na cadeia produtiva naval como no setor do petr\u00f3leo e g\u00e1s.<\/p>\n<p>O ministro interino de Ind\u00fastria do Uruguai, Edgardo Ortu\u00f1o, afirmou ap\u00f3s a assinatura do acordo que se trata do resultado do &#8216;compromisso e da vontade de ambos os pa\u00edses&#8217; por uma maior complementa\u00e7\u00e3o que abrir\u00e1 &#8216;uma nova etapa de desenvolvimento industrial, gerador de trabalho&#8217;.<\/p>\n<p>Ortu\u00f1o acrescentou que os setores naval, de petr\u00f3leo e g\u00e1s, &#8216;importantes por si mesmos&#8217;, s\u00e3o al\u00e9m disso integrantes de cadeias de valor que podem se potencializar e &#8216;gerar crescimento&#8217;.<\/p>\n<p>Al\u00e9m disso, Ortu\u00f1o apontou que crescer\u00e1 ainda mais dado o impulso que vive o setor dos hidrocarbonetos em toda a regi\u00e3o. Junto a isto, ter\u00e1 import\u00e2ncia no desenvolvimento de outros setores, como o transporte fluvial.<\/p>\n<p>Para Ortu\u00f1o, o Uruguai ser\u00e1 beneficiado especificamente em tr\u00eas aspectos: a adapta\u00e7\u00e3o de novas tecnologias de sua ind\u00fastria pelas m\u00e3os de investimentos estrangeiros, a amplia\u00e7\u00e3o de suas infraestruturas e o crescimento dos mercados.<\/p>\n<p>Por sua vez, a secret\u00e1ria de Desenvolvimento da Produ\u00e7\u00e3o do Minist\u00e9rio de Desenvolvimento, Ind\u00fastria e Com\u00e9rcio Exterior Brasileiro, Helo\u00edsa Menezes, lembrou durante a assinatura que este acordo de integra\u00e7\u00e3o \u00e9 o segundo do Mercosul, depois do relativo \u00e0 cadeia automotiva, que gerou resultados positivos.<\/p>\n<p>Os pol\u00edticos lembraram, al\u00e9m disso, que tanto as recentes descobertas de petr\u00f3leo na plataforma marinha brasileira como os bem-sucedidos chamados \u00e0 explora\u00e7\u00e3o de seu territ\u00f3rio mar\u00edtimo na busca de hidrocarbonetos realizado pelo Uruguai ser\u00e3o refletidas em uma &#8216;explos\u00e3o do crescimento&#8217; nas \u00e1reas navais e de hidrocarbonetos e trar\u00e3o &#8216;um enorme volume de investimentos&#8217;, EFE<\/p>\n<p>Fonte: Jornal do Commercio (POA)\/EFE<\/p>\n","protected":false},"excerpt":{"rendered":"<p>A produ\u00e7\u00e3o da ind\u00fastria naval uruguaia ser\u00e1 considerada no Brasil como produto local e vice-versa, em virtude de um acordo assinado na \u00faltima quinta-feira (15)&#8230;<\/p>\n","protected":false},"author":1182,"featured_media":5339,"comment_status":"closed","ping_status":"closed","sticky":false,"template":"","format":"standard","meta":{"footnotes":""},"categories":[6],"tags":[1086,1084,61,68,1217,67,647],"class_list":["post-5544","post","type-post","status-publish","format-standard","has-post-thumbnail","hentry","category-noticias","tag-acordo","tag-assinatura","tag-brasil","tag-industria","tag-integracao","tag-naval","tag-uruguai"],"_links":{"self":[{"href":"https:\/\/www.sincomam.org.br\/index.php\/wp-json\/wp\/v2\/posts\/5544","targetHints":{"allow":["GET"]}}],"collection":[{"href":"https:\/\/www.sincomam.org.br\/index.php\/wp-json\/wp\/v2\/posts"}],"about":[{"href":"https:\/\/www.sincomam.org.br\/index.php\/wp-json\/wp\/v2\/types\/post"}],"author":[{"embeddable":true,"href":"https:\/\/www.sincomam.org.br\/index.php\/wp-json\/wp\/v2\/users\/1182"}],"replies":[{"embeddable":true,"href":"https:\/\/www.sincomam.org.br\/index.php\/wp-json\/wp\/v2\/comments?post=5544"}],"version-history":[{"count":1,"href":"https:\/\/www.sincomam.org.br\/index.php\/wp-json\/wp\/v2\/posts\/5544\/revisions"}],"predecessor-version":[{"id":5545,"href":"https:\/\/www.sincomam.org.br\/index.php\/wp-json\/wp\/v2\/posts\/5544\/revisions\/5545"}],"wp:featuredmedia":[{"embeddable":true,"href":"https:\/\/www.sincomam.org.br\/index.php\/wp-json\/wp\/v2\/media\/5339"}],"wp:attachment":[{"href":"https:\/\/www.sincomam.org.br\/index.php\/wp-json\/wp\/v2\/media?parent=5544"}],"wp:term":[{"taxonomy":"category","embeddable":true,"href":"https:\/\/www.sincomam.org.br\/index.php\/wp-json\/wp\/v2\/categories?post=5544"},{"taxonomy":"post_tag","embeddable":true,"href":"https:\/\/www.sincomam.org.br\/index.php\/wp-json\/wp\/v2\/tags?post=5544"}],"curies":[{"name":"wp","href":"https:\/\/api.w.org\/{rel}","templated":true}]}}