{"id":55435,"date":"2024-11-22T06:00:38","date_gmt":"2024-11-22T09:00:38","guid":{"rendered":"http:\/\/www.sincomam.org.br\/?p=55435"},"modified":"2024-11-21T20:18:07","modified_gmt":"2024-11-21T23:18:07","slug":"cabos-submarinos-rompidos-no-baltico-elevam-tensao-na-europa","status":"publish","type":"post","link":"https:\/\/www.sincomam.org.br\/index.php\/cabos-submarinos-rompidos-no-baltico-elevam-tensao-na-europa\/","title":{"rendered":"Cabos submarinos rompidos no B\u00e1ltico elevam tens\u00e3o na Europa"},"content":{"rendered":"<p>Uma nova onda de tens\u00e3o atinge a Europa ap\u00f3s o rompimento de tr\u00eas cabos submarinos de telecomunica\u00e7\u00f5es no Mar B\u00e1ltico. As autoridades da Alemanha e de outros pa\u00edses da regi\u00e3o classificaram os danos como poss\u00edveis atos de sabotagem, reacendendo preocupa\u00e7\u00f5es com a seguran\u00e7a de infraestruturas cr\u00edticas em meio ao conflito com a R\u00fassia. Entre os principais suspeitos est\u00e1 o graneleiro chin\u00eas\u00a0<em>Yi Peng 3<\/em>, que teria desacelerado por mais de uma hora diretamente acima das rotas dos cabos rompidos.<\/p>\n<h3><strong>Os Incidentes no Mar B\u00e1ltico<\/strong><\/h3>\n<p>No in\u00edcio da semana, tr\u00eas cabos submarinos de telecomunica\u00e7\u00f5es sofreram danos em pontos distintos do Mar B\u00e1ltico. Entre eles, est\u00e1 o C-Lion1, que conecta Finl\u00e2ndia e Alemanha em um percurso de 1.170 km, al\u00e9m de uma linha de 218 km entre a Litu\u00e2nia e a ilha sueca de Gotland. Esses cabos desempenham um papel crucial na infraestrutura de comunica\u00e7\u00e3o e seguran\u00e7a da regi\u00e3o, e as autoridades europeias descartaram a possibilidade de danos acidentais.<\/p>\n<p>Os incidentes coincidem com um contexto de alta tens\u00e3o envolvendo a guerra na Ucr\u00e2nia e o aumento das atividades russas na \u00e1rea. Autoridades de pa\u00edses como Su\u00e9cia, Alemanha e Finl\u00e2ndia expressaram preocupa\u00e7\u00e3o com o que classificaram como potenciais atos de sabotagem, destacando a vulnerabilidade de infraestruturas cr\u00edticas na Europa.<\/p>\n<h3><strong>O Graneleiro Chin\u00eas Yi Peng 3 e as Investiga\u00e7\u00f5es<\/strong><\/h3>\n<p>Dados de rastreamento indicaram movimenta\u00e7\u00f5es suspeitas do graneleiro chin\u00eas\u00a0<em>Yi Peng 3<\/em>, que desacelerou significativamente sobre as rotas dos cabos danificados no momento dos incidentes. A embarca\u00e7\u00e3o tornou-se o foco das investiga\u00e7\u00f5es conduzidas por autoridades dinamarquesas, que enviaram o barco patrulha\u00a0<em>P525<\/em>\u00a0para abordar o navio e coletar informa\u00e7\u00f5es adicionais.<\/p>\n<p>O graneleiro j\u00e1 era monitorado devido ao hist\u00f3rico recente de acidentes causados por \u00e2ncoras em cabos submarinos, como um caso semelhante envolvendo um navio na regi\u00e3o da Est\u00f4nia em 2023. Embora ainda n\u00e3o haja provas conclusivas, a suspeita sobre o\u00a0<em>Yi Peng 3<\/em>\u00a0refor\u00e7a a preocupa\u00e7\u00e3o sobre a necessidade de medidas mais rigorosas para proteger a infraestrutura subaqu\u00e1tica.<\/p>\n<h3><strong>Rea\u00e7\u00f5es e Implica\u00e7\u00f5es Geopol\u00edticas<\/strong><\/h3>\n<p>As rupturas dos cabos submarinos ampliaram os alertas sobre os riscos de sabotagem e ataques h\u00edbridos. O Ministro da Defesa da Alemanha, Boris Pistorius, declarou que \u201cningu\u00e9m acredita que esses cabos foram cortados acidentalmente\u201d. Os ministros da defesa da Su\u00e9cia e da Litu\u00e2nia tamb\u00e9m expressaram \u201cprofunda preocupa\u00e7\u00e3o\u201d e pediram san\u00e7\u00f5es e a\u00e7\u00f5es conjuntas para proteger infraestruturas cr\u00edticas.<\/p>\n<p>A suspeita sobre o envolvimento de um navio chin\u00eas e as poss\u00edveis liga\u00e7\u00f5es com tens\u00f5es envolvendo a R\u00fassia ampliam o escopo das investiga\u00e7\u00f5es e levantam quest\u00f5es sobre a seguran\u00e7a das redes submarinas europeias. A Europa, que j\u00e1 enfrenta desafios com a guerra na Ucr\u00e2nia, precisa intensificar seus esfor\u00e7os para monitorar e proteger esses sistemas essenciais para comunica\u00e7\u00f5es, com\u00e9rcio e defesa.<\/p>\n<p>Fonte: Defesa em Foco<\/p>\n","protected":false},"excerpt":{"rendered":"<p>Uma nova onda de tens\u00e3o atinge a Europa ap\u00f3s o rompimento de tr\u00eas cabos submarinos de telecomunica\u00e7\u00f5es no Mar B\u00e1ltico. As autoridades da Alemanha e&#8230;<\/p>\n","protected":false},"author":1527,"featured_media":55437,"comment_status":"closed","ping_status":"closed","sticky":false,"template":"","format":"standard","meta":{"footnotes":""},"categories":[6],"tags":[],"class_list":["post-55435","post","type-post","status-publish","format-standard","has-post-thumbnail","hentry","category-noticias"],"_links":{"self":[{"href":"https:\/\/www.sincomam.org.br\/index.php\/wp-json\/wp\/v2\/posts\/55435","targetHints":{"allow":["GET"]}}],"collection":[{"href":"https:\/\/www.sincomam.org.br\/index.php\/wp-json\/wp\/v2\/posts"}],"about":[{"href":"https:\/\/www.sincomam.org.br\/index.php\/wp-json\/wp\/v2\/types\/post"}],"author":[{"embeddable":true,"href":"https:\/\/www.sincomam.org.br\/index.php\/wp-json\/wp\/v2\/users\/1527"}],"replies":[{"embeddable":true,"href":"https:\/\/www.sincomam.org.br\/index.php\/wp-json\/wp\/v2\/comments?post=55435"}],"version-history":[{"count":1,"href":"https:\/\/www.sincomam.org.br\/index.php\/wp-json\/wp\/v2\/posts\/55435\/revisions"}],"predecessor-version":[{"id":55438,"href":"https:\/\/www.sincomam.org.br\/index.php\/wp-json\/wp\/v2\/posts\/55435\/revisions\/55438"}],"wp:featuredmedia":[{"embeddable":true,"href":"https:\/\/www.sincomam.org.br\/index.php\/wp-json\/wp\/v2\/media\/55437"}],"wp:attachment":[{"href":"https:\/\/www.sincomam.org.br\/index.php\/wp-json\/wp\/v2\/media?parent=55435"}],"wp:term":[{"taxonomy":"category","embeddable":true,"href":"https:\/\/www.sincomam.org.br\/index.php\/wp-json\/wp\/v2\/categories?post=55435"},{"taxonomy":"post_tag","embeddable":true,"href":"https:\/\/www.sincomam.org.br\/index.php\/wp-json\/wp\/v2\/tags?post=55435"}],"curies":[{"name":"wp","href":"https:\/\/api.w.org\/{rel}","templated":true}]}}