{"id":55415,"date":"2024-11-21T06:03:13","date_gmt":"2024-11-21T09:03:13","guid":{"rendered":"http:\/\/www.sincomam.org.br\/?p=55415"},"modified":"2024-11-20T22:04:22","modified_gmt":"2024-11-21T01:04:22","slug":"porto-do-rio-recebe-comitiva-de-roterda-para-troca-de-experiencias","status":"publish","type":"post","link":"https:\/\/www.sincomam.org.br\/index.php\/porto-do-rio-recebe-comitiva-de-roterda-para-troca-de-experiencias\/","title":{"rendered":"Porto do Rio recebe comitiva de Roterd\u00e3 para troca de experi\u00eancias"},"content":{"rendered":"<p>O Porto do Rio de Janeiro recebeu, na \u00faltima segunda-feira (18), a visita do vice-prefeito de Roterd\u00e3, Robert Simons, acompanhado da assessora de rela\u00e7\u00f5es internacionais, Nicole Zwart, e do c\u00f4nsul-geral dos Pa\u00edses Baixos no Rio de Janeiro, Job Runhaar. Recepcionados pelo gerente de desenvolvimento de neg\u00f3cios da PortosRio, Eduardo Miguez, os visitantes conheceram os principais projetos da autoridade portu\u00e1ria holandesa, com destaque para a iniciativa de produ\u00e7\u00e3o de hidrog\u00eanio de baixo carbono.<\/p>\n<p>A comitiva participou de uma apresenta\u00e7\u00e3o no Centro de Comando e Controle de Seguran\u00e7a Portu\u00e1ria (CCCSP), conduzida pelo superintendente da Guarda Portu\u00e1ria, Amauri Faria, que exibiu as capacidades tecnol\u00f3gicas e a infraestrutura do local. Al\u00e9m disso, os visitantes percorreram as instala\u00e7\u00f5es portu\u00e1rias, incluindo os terminais de cont\u00eaineres Multirio e de ve\u00edculos Multi-Car. Durante o roteiro, Luiz Henrique Carneiro, presidente dos terminais, e Bruno Poltronieri, gerente comercial, detalharam as opera\u00e7\u00f5es e diferenciais das unidades.<\/p>\n<p>De acordo com a PortosRio, a visita simbolizou o interc\u00e2mbio de experi\u00eancias entre os dois portos, refor\u00e7ando a coopera\u00e7\u00e3o entre Brasil e Pa\u00edses Baixos. Miguez tamb\u00e9m destacou a oportunidade de apresentar o potencial estrat\u00e9gico do Porto do Rio de Janeiro e sua contribui\u00e7\u00e3o para a economia brasileira.<\/p>\n<p>Fonte: Informativo dos Portos<\/p>\n","protected":false},"excerpt":{"rendered":"<p>O Porto do Rio de Janeiro recebeu, na \u00faltima segunda-feira (18), a visita do vice-prefeito de Roterd\u00e3, Robert Simons, acompanhado da assessora de rela\u00e7\u00f5es internacionais,&#8230;<\/p>\n","protected":false},"author":1527,"featured_media":55417,"comment_status":"closed","ping_status":"closed","sticky":false,"template":"","format":"standard","meta":{"footnotes":""},"categories":[6],"tags":[],"class_list":["post-55415","post","type-post","status-publish","format-standard","has-post-thumbnail","hentry","category-noticias"],"_links":{"self":[{"href":"https:\/\/www.sincomam.org.br\/index.php\/wp-json\/wp\/v2\/posts\/55415","targetHints":{"allow":["GET"]}}],"collection":[{"href":"https:\/\/www.sincomam.org.br\/index.php\/wp-json\/wp\/v2\/posts"}],"about":[{"href":"https:\/\/www.sincomam.org.br\/index.php\/wp-json\/wp\/v2\/types\/post"}],"author":[{"embeddable":true,"href":"https:\/\/www.sincomam.org.br\/index.php\/wp-json\/wp\/v2\/users\/1527"}],"replies":[{"embeddable":true,"href":"https:\/\/www.sincomam.org.br\/index.php\/wp-json\/wp\/v2\/comments?post=55415"}],"version-history":[{"count":1,"href":"https:\/\/www.sincomam.org.br\/index.php\/wp-json\/wp\/v2\/posts\/55415\/revisions"}],"predecessor-version":[{"id":55418,"href":"https:\/\/www.sincomam.org.br\/index.php\/wp-json\/wp\/v2\/posts\/55415\/revisions\/55418"}],"wp:featuredmedia":[{"embeddable":true,"href":"https:\/\/www.sincomam.org.br\/index.php\/wp-json\/wp\/v2\/media\/55417"}],"wp:attachment":[{"href":"https:\/\/www.sincomam.org.br\/index.php\/wp-json\/wp\/v2\/media?parent=55415"}],"wp:term":[{"taxonomy":"category","embeddable":true,"href":"https:\/\/www.sincomam.org.br\/index.php\/wp-json\/wp\/v2\/categories?post=55415"},{"taxonomy":"post_tag","embeddable":true,"href":"https:\/\/www.sincomam.org.br\/index.php\/wp-json\/wp\/v2\/tags?post=55415"}],"curies":[{"name":"wp","href":"https:\/\/api.w.org\/{rel}","templated":true}]}}