{"id":55411,"date":"2024-11-21T06:01:21","date_gmt":"2024-11-21T09:01:21","guid":{"rendered":"http:\/\/www.sincomam.org.br\/?p=55411"},"modified":"2024-11-20T22:03:08","modified_gmt":"2024-11-21T01:03:08","slug":"suape-sedia-encontro-para-debater-descarbonizacao-do-setor-portuario","status":"publish","type":"post","link":"https:\/\/www.sincomam.org.br\/index.php\/suape-sedia-encontro-para-debater-descarbonizacao-do-setor-portuario\/","title":{"rendered":"Suape sedia encontro para debater descarboniza\u00e7\u00e3o do setor portu\u00e1rio"},"content":{"rendered":"<p class=\"p1\">Com variada programa\u00e7\u00e3o, 1\u00ba evento da Alian\u00e7a para Descarboniza\u00e7\u00e3o dos Portos ser\u00e1 realizado nos dias 18 e 19 de novembro, no audit\u00f3rio do centro administrativo da estatal<\/p>\n<p>&nbsp;<\/p>\n<p>&nbsp;<\/p>\n<p class=\"p1\">\u00c9 preciso discutir sobre a descarboniza\u00e7\u00e3o do setor portu\u00e1rio. O ramo de transporte mar\u00edtimo desempenha papel fundamental no com\u00e9rcio global e \u00e9 uma fonte significativa de emiss\u00f5es de gases de efeito estufa (GEE), com cerca de 3% do total mundial, segundo a Organiza\u00e7\u00e3o Mar\u00edtima Internacional (IMO), que estabeleceu metas para reverter esse quadro. O objetivo da IMO \u00e9 reduzir essas emiss\u00f5es gradativamente at\u00e9 alcan\u00e7ar o emiss\u00f5es l\u00edquidas zero em 2050.<\/p>\n<p class=\"p1\">O 1\u00ba Encontro Anual da Alian\u00e7a Brasileira para Descarboniza\u00e7\u00e3o de Portos (ABDP) reunir\u00e1 especialistas, gestores, formuladores de pol\u00edticas e outros stakeholders relevantes para debater sobre esse importante tema da descarboniza\u00e7\u00e3o, nos dias 18 e 19 de novembro, no centro administrativo do Complexo Industrial Portu\u00e1rio de Suape, localizado em Ipojuca, em Pernambuco.<\/p>\n<p class=\"p1\">Com as inscri\u00e7\u00f5es presenciais encerradas e a transmiss\u00e3o online gratuita, o evento ter\u00e1 diversos pain\u00e9is tem\u00e1ticos, um demoday com apresenta\u00e7\u00f5es de solu\u00e7\u00f5es e um encontro de CEOs para os executivos do setor discutirem solu\u00e7\u00f5es pr\u00e1ticas para a descarboniza\u00e7\u00e3o portu\u00e1ria. A programa\u00e7\u00e3o detalhada do evento pode ser conferida no seguinte linK: www.encontro2024alianca.com. Para acompanhar a transmiss\u00e3o online gratuita, acesse o www.youtube.com\/@descarbonizacaoportos.<\/p>\n<p class=\"p1\">O painel do Grupo de Trabalho (GT) Regulat\u00f3rio abordar\u00e1 um tema essencial para o futuro da sustentabilidade: as regulamenta\u00e7\u00f5es da IMO para a redu\u00e7\u00e3o de emiss\u00f5es de gases de efeito estufa (GEE). Luciana Suman, CEO da MarMec Engenharia, Consultoria e Treinamento, e Eduardo Mota, diretor de Rela\u00e7\u00f5es Institucionais da FS Fueling Sustainability, apresentar\u00e3o conceitos valiosos sobre as regulamenta\u00e7\u00f5es internacionais e os caminhos para reduzir as emiss\u00f5es nos portos brasileiros. A media\u00e7\u00e3o ser\u00e1 realizada por Gabriela Costa, diretora da Associa\u00e7\u00e3o de Terminais Portu\u00e1rios Privados (ATP).<\/p>\n<p class=\"p1\">\u201cQueremos transformar as diretrizes da descarboniza\u00e7\u00e3o de portos em a\u00e7\u00f5es concretas. Assim, o encontro responde \u00e0s demandas urgentes de mitiga\u00e7\u00e3o clim\u00e1tica e contribui para a constru\u00e7\u00e3o de um futuro portu\u00e1rio resiliente, competitivo e alinhado com os princ\u00edpios da sustentabilidade global\u201d, afirma Luane Lemos, coordenadora geral da ABDP.<\/p>\n<p class=\"p1\">No evento, tamb\u00e9m haver\u00e1 a entrega do Selo Pr\u00f3-Clima em reconhecimento aos portos membros da alian\u00e7a que est\u00e3o na vanguarda da sustentabilidade, demonstrando compromisso com a redu\u00e7\u00e3o de emiss\u00f5es e pr\u00e1ticas ambientais respons\u00e1veis. Nove empresas v\u00e3o ser premiadas.<\/p>\n<p class=\"p1\">O diretor-presidente do Complexo de Suape, Marcio Guiot, comenta que \u00e9 uma honra para a estatal pernambucana sediar o primeiro encontro da alian\u00e7a e que o porto j\u00e1 deu a largada para a descarboniza\u00e7\u00e3o com o programa Suape Carbono Neutro 2038. \u201cAl\u00e9m da atra\u00e7\u00e3o de novos empreendimentos com foco na pesquisa e produ\u00e7\u00e3o de energias renov\u00e1veis, a exemplo da instala\u00e7\u00e3o da primeira f\u00e1brica de e-metanol do Brasil no complexo \u2013 do grupo European Energy, j\u00e1 temos parte das instala\u00e7\u00f5es portu\u00e1rias alimentada por energia renov\u00e1vel e a frota de ve\u00edculos movida a biocombust\u00edveis\u201d, revela o gestor.<\/p>\n<p class=\"p1\">SOBRE A ALIAN\u00c7A<\/p>\n<p class=\"p1\">\u00c9 uma iniciativa brasileira que re\u00fane portos de todo o mundo com o objetivo de reduzir as emiss\u00f5es de carbono e promover pr\u00e1ticas sustent\u00e1veis. A Alian\u00e7a facilita a troca de conhecimento e tecnologia, al\u00e9m de fomentar a implementa\u00e7\u00e3o de solu\u00e7\u00f5es inovadoras para descarbonizar as opera\u00e7\u00f5es portu\u00e1rias. Atualmente, fazem parte da Alian\u00e7a 55 membros, entre terminais, empresas, associa\u00e7\u00f5es e startup.<\/p>\n<p class=\"p1\">SOBRE SUAPE<\/p>\n<p class=\"p1\">Fundado h\u00e1 46 anos, no Litoral Sul de Pernambuco, entre os munic\u00edpios de Ipojuca e Cabo de Santos Agostinho, o Complexo Industrial Portu\u00e1rio de Suape \u00e9 considerado uma das locomotivas do desenvolvimento econ\u00f4mico de Pernambuco e do Nordeste, atraindo importantes empreendimento. Situado a apenas 40 quil\u00f4metros da capital, est\u00e1 instalado em uma \u00e1rea de 17,3 mil hectares, dos quais 59% est\u00e3o inseridos na Zona de Preserva\u00e7\u00e3o Ecol\u00f3gica. O complexo soma investimentos privados de R$ 74,5 bilh\u00f5es desde a sua inaugura\u00e7\u00e3o, com mais de 80 empresas em funcionamento, que geram mais de 20 mil postos de trabalho.<\/p>\n<p>Fonte: Informativo dos Portos<\/p>\n","protected":false},"excerpt":{"rendered":"<p>Com variada programa\u00e7\u00e3o, 1\u00ba evento da Alian\u00e7a para Descarboniza\u00e7\u00e3o dos Portos ser\u00e1 realizado nos dias 18 e 19 de novembro, no audit\u00f3rio do centro administrativo&#8230;<\/p>\n","protected":false},"author":1527,"featured_media":55413,"comment_status":"closed","ping_status":"closed","sticky":false,"template":"","format":"standard","meta":{"footnotes":""},"categories":[6],"tags":[],"class_list":["post-55411","post","type-post","status-publish","format-standard","has-post-thumbnail","hentry","category-noticias"],"_links":{"self":[{"href":"https:\/\/www.sincomam.org.br\/index.php\/wp-json\/wp\/v2\/posts\/55411","targetHints":{"allow":["GET"]}}],"collection":[{"href":"https:\/\/www.sincomam.org.br\/index.php\/wp-json\/wp\/v2\/posts"}],"about":[{"href":"https:\/\/www.sincomam.org.br\/index.php\/wp-json\/wp\/v2\/types\/post"}],"author":[{"embeddable":true,"href":"https:\/\/www.sincomam.org.br\/index.php\/wp-json\/wp\/v2\/users\/1527"}],"replies":[{"embeddable":true,"href":"https:\/\/www.sincomam.org.br\/index.php\/wp-json\/wp\/v2\/comments?post=55411"}],"version-history":[{"count":1,"href":"https:\/\/www.sincomam.org.br\/index.php\/wp-json\/wp\/v2\/posts\/55411\/revisions"}],"predecessor-version":[{"id":55414,"href":"https:\/\/www.sincomam.org.br\/index.php\/wp-json\/wp\/v2\/posts\/55411\/revisions\/55414"}],"wp:featuredmedia":[{"embeddable":true,"href":"https:\/\/www.sincomam.org.br\/index.php\/wp-json\/wp\/v2\/media\/55413"}],"wp:attachment":[{"href":"https:\/\/www.sincomam.org.br\/index.php\/wp-json\/wp\/v2\/media?parent=55411"}],"wp:term":[{"taxonomy":"category","embeddable":true,"href":"https:\/\/www.sincomam.org.br\/index.php\/wp-json\/wp\/v2\/categories?post=55411"},{"taxonomy":"post_tag","embeddable":true,"href":"https:\/\/www.sincomam.org.br\/index.php\/wp-json\/wp\/v2\/tags?post=55411"}],"curies":[{"name":"wp","href":"https:\/\/api.w.org\/{rel}","templated":true}]}}