{"id":55404,"date":"2024-11-21T06:00:20","date_gmt":"2024-11-21T09:00:20","guid":{"rendered":"http:\/\/www.sincomam.org.br\/?p=55404"},"modified":"2024-11-20T22:08:56","modified_gmt":"2024-11-21T01:08:56","slug":"declaracao-do-g20-destaca-transicoes-energeticas-justas-e-metas-climaticas-globais","status":"publish","type":"post","link":"https:\/\/www.sincomam.org.br\/index.php\/declaracao-do-g20-destaca-transicoes-energeticas-justas-e-metas-climaticas-globais\/","title":{"rendered":"Declara\u00e7\u00e3o do G20 destaca transi\u00e7\u00f5es energ\u00e9ticas justas e metas clim\u00e1ticas globais"},"content":{"rendered":"<p>A Declara\u00e7\u00e3o de L\u00edderes do G20 do Rio de Janeiro, divulgada na noite da \u00faltima segunda-feira (18), refor\u00e7a compromissos com a transi\u00e7\u00e3o energ\u00e9tica, o combate \u00e0s mudan\u00e7as clim\u00e1ticas e a preserva\u00e7\u00e3o ambiental. O documento, aprovado por consenso entre os pa\u00edses-membros, destaca a urg\u00eancia de mobiliza\u00e7\u00f5es coordenadas para atingir as metas do Acordo de Paris, alcan\u00e7ar a neutralidade de carbono e fortalecer o financiamento verde, especialmente em pa\u00edses em desenvolvimento.<\/p>\n<p>Entre os principais pontos, est\u00e3o o compromisso de acelerar transi\u00e7\u00f5es energ\u00e9ticas justas e sustent\u00e1veis, eliminar gradualmente subs\u00eddios ineficientes a combust\u00edveis f\u00f3sseis e atrair investimentos voltados para energias limpas. A declara\u00e7\u00e3o tamb\u00e9m enfatiza que a reforma da arquitetura financeira internacional \u00e9 essencial para viabilizar a\u00e7\u00f5es clim\u00e1ticas, al\u00e9m de apoiar as metas da COP 29 e a futura presid\u00eancia brasileira da COP 30, que ocorrer\u00e1 em 2025, em Bel\u00e9m do Par\u00e1.<\/p>\n<p>Os l\u00edderes reafirmaram a import\u00e2ncia de financiar e implementar solu\u00e7\u00f5es clim\u00e1ticas e energ\u00e9ticas inclusivas, contribuindo para o crescimento sustent\u00e1vel e para a preserva\u00e7\u00e3o do meio ambiente, elementos centrais do futuro global. Acesse o documento pelo\u00a0<a href=\"file:\/\/\/C:\/Users\/loren\/Downloads\/G20%20Rio%20de%20Janeiro%20Leaders%20Declaration%20(PT).pdf\">site<\/a>.<\/p>\n<p>Fonte: Portos e Navios<\/p>\n","protected":false},"excerpt":{"rendered":"<p>A Declara\u00e7\u00e3o de L\u00edderes do G20 do Rio de Janeiro, divulgada na noite da \u00faltima segunda-feira (18), refor\u00e7a compromissos com a transi\u00e7\u00e3o energ\u00e9tica, o combate&#8230;<\/p>\n","protected":false},"author":1527,"featured_media":55406,"comment_status":"closed","ping_status":"closed","sticky":false,"template":"","format":"standard","meta":{"footnotes":""},"categories":[6],"tags":[],"class_list":["post-55404","post","type-post","status-publish","format-standard","has-post-thumbnail","hentry","category-noticias"],"_links":{"self":[{"href":"https:\/\/www.sincomam.org.br\/index.php\/wp-json\/wp\/v2\/posts\/55404","targetHints":{"allow":["GET"]}}],"collection":[{"href":"https:\/\/www.sincomam.org.br\/index.php\/wp-json\/wp\/v2\/posts"}],"about":[{"href":"https:\/\/www.sincomam.org.br\/index.php\/wp-json\/wp\/v2\/types\/post"}],"author":[{"embeddable":true,"href":"https:\/\/www.sincomam.org.br\/index.php\/wp-json\/wp\/v2\/users\/1527"}],"replies":[{"embeddable":true,"href":"https:\/\/www.sincomam.org.br\/index.php\/wp-json\/wp\/v2\/comments?post=55404"}],"version-history":[{"count":1,"href":"https:\/\/www.sincomam.org.br\/index.php\/wp-json\/wp\/v2\/posts\/55404\/revisions"}],"predecessor-version":[{"id":55407,"href":"https:\/\/www.sincomam.org.br\/index.php\/wp-json\/wp\/v2\/posts\/55404\/revisions\/55407"}],"wp:featuredmedia":[{"embeddable":true,"href":"https:\/\/www.sincomam.org.br\/index.php\/wp-json\/wp\/v2\/media\/55406"}],"wp:attachment":[{"href":"https:\/\/www.sincomam.org.br\/index.php\/wp-json\/wp\/v2\/media?parent=55404"}],"wp:term":[{"taxonomy":"category","embeddable":true,"href":"https:\/\/www.sincomam.org.br\/index.php\/wp-json\/wp\/v2\/categories?post=55404"},{"taxonomy":"post_tag","embeddable":true,"href":"https:\/\/www.sincomam.org.br\/index.php\/wp-json\/wp\/v2\/tags?post=55404"}],"curies":[{"name":"wp","href":"https:\/\/api.w.org\/{rel}","templated":true}]}}