{"id":55393,"date":"2024-11-14T12:33:03","date_gmt":"2024-11-14T15:33:03","guid":{"rendered":"http:\/\/www.sincomam.org.br\/?p=55393"},"modified":"2024-11-14T12:33:03","modified_gmt":"2024-11-14T15:33:03","slug":"brasil-esta-entre-paises-do-g20-com-maior-proporcao-de-area-protegida","status":"publish","type":"post","link":"https:\/\/www.sincomam.org.br\/index.php\/brasil-esta-entre-paises-do-g20-com-maior-proporcao-de-area-protegida\/","title":{"rendered":"Brasil est\u00e1 entre pa\u00edses do G20 com maior propor\u00e7\u00e3o de \u00e1rea protegida"},"content":{"rendered":"<p>O Brasil est\u00e1 entre os cinco pa\u00edses do G20 com iniciativas de prote\u00e7\u00e3o ambiental que abrangem as maiores propor\u00e7\u00f5es de seus territ\u00f3rios. A constata\u00e7\u00e3o vale para ecossistemas terrestres e tamb\u00e9m marinhos. \u00c9 o que aponta o novo volume da cole\u00e7\u00e3o de estudos\u00a0<em>Criando Sinergias entre a Agenda 2030 para o Desenvolvimento Sustent\u00e1vel e o G20<\/em>, divulgado nesta quinta-feira (14) pelo Instituto Brasileiro de Geografia e Estat\u00edstica (IBGE).<img decoding=\"async\" src=\"https:\/\/agenciabrasil.ebc.com.br\/ebc.png?id=1619489&amp;o=node\" \/><img decoding=\"async\" src=\"https:\/\/agenciabrasil.ebc.com.br\/ebc.gif?id=1619489&amp;o=node\" \/><\/p>\n<p>A publica\u00e7\u00e3o dedica-se \u00e0\u00a0tem\u00e1tica do meio ambiente. Entre outras fontes, foram utilizados dados dispon\u00edveis na Base Global de Indicadores de Desenvolvimento Sustent\u00e1vel, da Organiza\u00e7\u00e3o das Na\u00e7\u00f5es Unidas (ONU). De acordo com o IBGE, o estudo foi desenvolvido com o objetivo de fornecer subs\u00eddios \u00e0s discuss\u00f5es sobre a pauta ambiental, mais especificamente no que diz respeito \u00e0 conserva\u00e7\u00e3o e gest\u00e3o do meio ambiente, no \u00e2mbito do G20.<\/p>\n<p>A Agenda 2030 foi estabelecida pelo 193 Estados-Membros da ONU na C\u00fapula das Na\u00e7\u00f5es Unidas sobre o Desenvolvimento Sustent\u00e1vel ocorrida em 2015. Ela fixou 17 Objetivos de Desenvolvimento Sustent\u00e1vel (ODS). Cada um deles se desdobra em um conjunto de metas.<\/p>\n<p>O estudo do IBGE analisa indicadores relacionados com os objetivos 6 (manejo sustent\u00e1vel da \u00e1gua e garantia de saneamento para todos), 14 (conserva\u00e7\u00e3o e uso sustent\u00e1vel dos mares e oceanos) e 15 (prote\u00e7\u00e3o e uso sustent\u00e1vel dos ecossistemas terrestres). A iniciativa busca contribuir com os debates promovidos pela presid\u00eancia brasileira no G20.<\/p>\n<p>O pa\u00eds ocupa o posto pela primeira vez desde 2008, quando foi implantado o atual formato do grupo, composto pelas 19 maiores economias do mundo, bem como a Uni\u00e3o Europeia e mais recentemente a Uni\u00e3o Africana. O \u00e1pice das discuss\u00f5es ocorrer\u00e1 nos pr\u00f3ximos dias 18 e 19 de novembro, na C\u00fapula dos L\u00edderes do G20, encerrando a presid\u00eancia brasileira. O pa\u00eds ser\u00e1 sucedido pela \u00c1frica do Sul.<\/p>\n<p>Os dados reunidos no estudo do IBGE s\u00e3o referentes a 2023. O estudo aponta a possibilidade de analisar a prote\u00e7\u00e3o ambiental a partir de duas abordagens. A primeira considera o percentual das \u00e1reas protegidas diante da \u00e1rea total daquele ambiente existente no pa\u00eds. Na segunda, o percentual \u00e9 calculado em rela\u00e7\u00e3o aos chamados S\u00edtios Importantes para Biodiversidade (na sigla em ingl\u00eas, Key Biodiversity Areas &#8211; KBAs), que representam locais de import\u00e2ncia singular para as esp\u00e9cies do planeta.<\/p>\n<p>No Brasil, as \u00e1reas protegidas integram o Sistema Nacional de Unidades de Conserva\u00e7\u00e3o da Natureza (SNUC), estabelecido pela Lei Federal 9.985\/2000. Os dados de 2023 indicam que elas representam 30,6% do territ\u00f3rio terrestre do pa\u00eds. \u00a0Esse percentual coloca o Brasil na segunda posi\u00e7\u00e3o no\u00a0<em>ranking<\/em>\u00a0do G20, que \u00e9 puxado pela Alemanha (37,6%). J\u00e1 as \u00faltimas posi\u00e7\u00f5es s\u00e3o ocupadas por \u00cdndia (7,5%) e Turquia (7%).<\/p>\n<p>De outro lado, quando se considera a propor\u00e7\u00e3o de \u00e1rea protegida diante dos KBAs, o Brasil (45,7%) cai para a s\u00e9tima posi\u00e7\u00e3o. Nesse\u00a0<em>ranking<\/em>, os l\u00edderes s\u00e3o Reino Unido (83,4%), Fran\u00e7a (81,1%), Alemanha (79,2%) e It\u00e1lia (76,7%).<\/p>\n<p>Apesar das iniciativas de prote\u00e7\u00e3o ambiental, o Brasil aparece entre os pa\u00edses do G20 que mais perderam cobertura florestal nas \u00faltimas duas d\u00e9cadas. O estudo levantou as taxas anuais em dois per\u00edodos: entre 2000 e 2015 e entre 2015 e 2020. No primeiro deles, o pa\u00eds perdeu \u00e1reas verdes em uma m\u00e9dia de 0,6% ao ano. No segundo per\u00edodo, nota-se uma desacelera\u00e7\u00e3o no ritmo de redu\u00e7\u00e3o da cobertura florestal. De 2015 a 2020, a taxa caiu para 0,29% ao ano. Nesse \u00faltimo per\u00edodo, China (0,9%) e It\u00e1lia (0,57%) apresentaram os maiores incrementos na sua \u00e1rea verde, enquanto Indon\u00e9sia (-0,62%) e Argentina (-0,36%) foram os pa\u00edses com os maiores decr\u00e9scimos.<\/p>\n<p>O estudo considerou os dados de todos os 19 pa\u00edses que integram o G20: \u00c1frica do Sul, Alemanha, Ar\u00e1bia Saudita, Argentina, Austr\u00e1lia, Brasil, Canad\u00e1, China, Coreia do Sul, Estados Unidos, Fran\u00e7a, \u00cdndia, Indon\u00e9sia, It\u00e1lia, Jap\u00e3o, M\u00e9xico, Reino Unido, R\u00fassia, Turquia. Os integrantes do grupo representam cerca de 85% da economia mundial e re\u00fanem aproximadamente dois ter\u00e7os da popula\u00e7\u00e3o do planeta. O estudo re\u00fane ainda outras informa\u00e7\u00f5es como \u00e1rea florestal total de cada pa\u00eds do G20 e, no caso do Brasil, a desagrega\u00e7\u00e3o dos dados por biomas.<\/p>\n<h2>Territ\u00f3rio Marinho<\/h2>\n<p>Segundo a publica\u00e7\u00e3o do IBGE, o Brasil protege 26,7% de seu territ\u00f3rio marinho. Apenas Fran\u00e7a (49,8%), Alemanha (45,5%), Austr\u00e1lia (44,3%) e Reino Unido (44,1%) possuem percentuais melhores. Os dados mostram o Brasil como l\u00edder no quesito entre os pa\u00edses da Am\u00e9rica que comp\u00f5em o G20.<\/p>\n<p>O estudo cita que as unidades de conserva\u00e7\u00e3o marinhas contribuem para recuperar estoques pesqueiros, aumentar o potencial de produ\u00e7\u00e3o da pesca, regular o clima, reciclar nutrientes e proteger a costa da eros\u00e3o acelerada. Outro destaque \u00e9 que a posi\u00e7\u00e3o do Brasil foi impulsionada em 2018. Nesse ano, foi decretada a cria\u00e7\u00e3o da \u00c1rea de Prote\u00e7\u00e3o Ambiental do Arquip\u00e9lago de Trindade e Martim Vaz, no Esp\u00edrito Santo, e do Monumento Natural do Arquip\u00e9lago de S\u00e3o Pedro e S\u00e3o Paulo, em Pernambuco. S\u00e3o os dois maiores conjuntos de unidades de conserva\u00e7\u00e3o marinha do Brasil.<\/p>\n<p>O pa\u00eds mant\u00e9m a mesma quinta posi\u00e7\u00e3o no\u00a0<em>ranking<\/em>\u00a0de prote\u00e7\u00e3o em rela\u00e7\u00e3o aos KBAs marinhos. Nesse caso, o Brasil registra percentual de 71,7%, atr\u00e1s do\u00a0Reino Unido (84,2%), Fran\u00e7a (80,9%), Alemanha (80,8%) e It\u00e1lia (78,3%). O IBGE chama a aten\u00e7\u00e3o para o fato de que o pa\u00eds est\u00e1 \u00e0 frente de outros onde os territ\u00f3rios marinhos t\u00eam import\u00e2ncia significativa para distribui\u00e7\u00e3o global das esp\u00e9cies, como Jap\u00e3o (66,5%), Austr\u00e1lia (65,6%), \u00c1frica do Sul (52,7%), Argentina (43,6%), Cor\u00e9ia do Sul (38,7%) e Indon\u00e9sia (25,7%).<\/p>\n<h2>Cole\u00e7\u00e3o<\/h2>\n<p>Este \u00e9 o segundo volume da cole\u00e7\u00e3o Criando Sinergias entre a Agenda 2030 para o Desenvolvimento Sustent\u00e1vel e o G20.\u00a0Publicado em abril, o\u00a0primeiro volume\u00a0tratou de temas relacionados \u00e0 desigualdade, analisando indicadores relacionados com os ODS 1 (acabar com a pobreza), 3 (assegurar vida saud\u00e1vel para todos), 4 (assegurar educa\u00e7\u00e3o inclusiva, equitativa e de qualidade), 5 (alcan\u00e7ar igualdade de g\u00eanero), 8 (promover crescimento econ\u00f4mico inclusivo\u00a0e sustent\u00e1vel), 10 (reduzir desigualdade entre pa\u00edses) e 16 (promover sociedades pac\u00edficas).<\/p>\n<p>Nesta quinta-feira (14), o IBGE publicou tamb\u00e9m nova edi\u00e7\u00e3o do primeiro volume trazendo alguns ajustes. Al\u00e9m disso, incrementou a cole\u00e7\u00e3o com um caderno de mapas que buscam sintetizar dados contidos nos dois volumes.<\/p>\n<p>Fonte: Ag\u00eancia Brasil<\/p>\n","protected":false},"excerpt":{"rendered":"<p>O Brasil est\u00e1 entre os cinco pa\u00edses do G20 com iniciativas de prote\u00e7\u00e3o ambiental que abrangem as maiores propor\u00e7\u00f5es de seus territ\u00f3rios. A constata\u00e7\u00e3o vale&#8230;<\/p>\n","protected":false},"author":1527,"featured_media":55395,"comment_status":"closed","ping_status":"closed","sticky":false,"template":"","format":"standard","meta":{"footnotes":""},"categories":[6],"tags":[],"class_list":["post-55393","post","type-post","status-publish","format-standard","has-post-thumbnail","hentry","category-noticias"],"_links":{"self":[{"href":"https:\/\/www.sincomam.org.br\/index.php\/wp-json\/wp\/v2\/posts\/55393","targetHints":{"allow":["GET"]}}],"collection":[{"href":"https:\/\/www.sincomam.org.br\/index.php\/wp-json\/wp\/v2\/posts"}],"about":[{"href":"https:\/\/www.sincomam.org.br\/index.php\/wp-json\/wp\/v2\/types\/post"}],"author":[{"embeddable":true,"href":"https:\/\/www.sincomam.org.br\/index.php\/wp-json\/wp\/v2\/users\/1527"}],"replies":[{"embeddable":true,"href":"https:\/\/www.sincomam.org.br\/index.php\/wp-json\/wp\/v2\/comments?post=55393"}],"version-history":[{"count":1,"href":"https:\/\/www.sincomam.org.br\/index.php\/wp-json\/wp\/v2\/posts\/55393\/revisions"}],"predecessor-version":[{"id":55396,"href":"https:\/\/www.sincomam.org.br\/index.php\/wp-json\/wp\/v2\/posts\/55393\/revisions\/55396"}],"wp:featuredmedia":[{"embeddable":true,"href":"https:\/\/www.sincomam.org.br\/index.php\/wp-json\/wp\/v2\/media\/55395"}],"wp:attachment":[{"href":"https:\/\/www.sincomam.org.br\/index.php\/wp-json\/wp\/v2\/media?parent=55393"}],"wp:term":[{"taxonomy":"category","embeddable":true,"href":"https:\/\/www.sincomam.org.br\/index.php\/wp-json\/wp\/v2\/categories?post=55393"},{"taxonomy":"post_tag","embeddable":true,"href":"https:\/\/www.sincomam.org.br\/index.php\/wp-json\/wp\/v2\/tags?post=55393"}],"curies":[{"name":"wp","href":"https:\/\/api.w.org\/{rel}","templated":true}]}}