{"id":55388,"date":"2024-11-14T12:30:52","date_gmt":"2024-11-14T15:30:52","guid":{"rendered":"http:\/\/www.sincomam.org.br\/?p=55388"},"modified":"2024-11-14T12:30:52","modified_gmt":"2024-11-14T15:30:52","slug":"explosoes-perto-do-stf-o-que-se-sabe-e-o-que-falta-esclarecer","status":"publish","type":"post","link":"https:\/\/www.sincomam.org.br\/index.php\/explosoes-perto-do-stf-o-que-se-sabe-e-o-que-falta-esclarecer\/","title":{"rendered":"Explos\u00f5es perto do STF: o que se sabe e o que falta esclarecer"},"content":{"rendered":"<div id=\"chunk-fsgpg\">\n<div class=\"mc-column content-text active-extra-styles \" data-block-type=\"unstyled\" data-block-weight=\"44\" data-block-id=\"3\">\n<p class=\" content-text__container \" data-track-category=\"Link no Texto\" data-track-links=\"\" data-mrf-recirculation=\"Artigo - Links Texto\">Um\u00a0<span class=\"highlight highlighted\">homem morreu ap\u00f3s uma explos\u00e3o em frente ao Supremo Tribunal Federal (STF)<\/span>, na Pra\u00e7a dos Tr\u00eas Poderes, em\u00a0Bras\u00edlia, na noite de quarta-feira (13). Momentos antes,\u00a0<span class=\"highlight highlighted\">outras explos\u00f5es aconteceram em um carro<\/span>\u00a0que estava no estacionamento do Anexo IV da C\u00e2mara dos Deputados.<\/p>\n<\/div>\n<\/div>\n<div class=\"wall protected-content\">\n<div id=\"chunk-8l6ll\">\n<div class=\"mc-column content-text active-extra-styles \" data-block-type=\"unstyled\" data-block-weight=\"47\" data-block-id=\"5\">\n<p class=\" content-text__container \" data-track-category=\"Link no Texto\" data-track-links=\"\" data-mrf-recirculation=\"Artigo - Links Texto\">O\u00a0<span class=\"highlight highlighted\">intervalo entre as explos\u00f5es nos dois locais foi de 20 segundos<\/span>. Bombeiros e militares especializados em explosivos est\u00e3o no local para fazer uma varredura. O corpo de\u00a0Francisco Wanderley Luiz\u00a0foi levado para o Servi\u00e7o de Medicina Legal da Pol\u00edcia Federal, no Instituto Nacional de Criminal\u00edstica.<\/p>\n<\/div>\n<\/div>\n<div id=\"chunk-156ko\">\n<div class=\"mc-column content-text active-extra-styles \" data-block-type=\"unstyled\" data-block-weight=\"52\" data-block-id=\"6\">\n<p class=\" content-text__container \" data-track-category=\"Link no Texto\" data-track-links=\"\" data-mrf-recirculation=\"Artigo - Links Texto\">A Pol\u00edcia Militar do Distrito Federal\u00a0faz uma varredura, na manh\u00e3 desta quinta-feira (14), na Pra\u00e7a dos Tr\u00eas Poderes. Por conta disso, as atividades no Supremo e na C\u00e2mara\u00a0foram suspensas at\u00e9 o meio-dia. J\u00e1 o Senado decidiu cancelar o expediente. O Planalto ainda n\u00e3o informou se agenda de Lula ser\u00e1 mantida.<\/p>\n<div id=\"chunk-7qnhs\">\n<div id=\"1\" class=\"anchor-position\"><strong>1 &#8211; Foram quantas explos\u00f5es?<\/strong><\/div>\n<\/div>\n<div id=\"chunk-49nqq\">\n<div class=\"mc-column content-text active-extra-styles\" data-block-type=\"raw\" data-block-weight=\"5\" data-block-id=\"13\">\n<p>N\u00e3o havia um n\u00famero exato de explos\u00f5es at\u00e9 a \u00faltima atualiza\u00e7\u00e3o desta reportagem. Por\u00e9m, \u00e9 poss\u00edvel afirmar que <span class=\"highlight highlighted\">foram dois eventos principais com explos\u00f5es, em um intervalo de 20 segundos<\/span>. Primeiro,\u00a0<span class=\"highlight highlighted\">\u00e0s 19h30, em um carro estacionado<\/span>\u00a0no Anexo IV da C\u00e2mara dos Deputados. Na sequ\u00eancia,\u00a0<span class=\"highlight highlighted\">outra explos\u00e3o que matou um homem em frente ao STF<\/span>.<\/p>\n<\/div>\n<\/div>\n<\/div>\n<div>\n<div id=\"chunk-18l17\">\n<div class=\"mc-column content-text active-extra-styles\" data-block-type=\"raw\" data-block-weight=\"8\" data-block-id=\"16\">\n<div class=\"content-intertitle\">\n<h2><strong>2 &#8211; Quem era o homem que morreu?<\/strong><\/h2>\n<\/div>\n<p>De acordo com o Boletim de Ocorr\u00eancia da Pol\u00edcia Civil, a v\u00edtima da explos\u00e3o foi identificada como sendo <span class=\"highlight highlighted\">Francisco Wanderley Luiz, o propriet\u00e1rio do ve\u00edculo que tamb\u00e9m explodiu no estacionamento<\/span>\u00a0entre o STF e o Anexo IV da C\u00e2mara dos Deputados.<\/p>\n<\/div>\n<\/div>\n<div id=\"chunk-86ffm\">\n<div class=\"mc-column content-text active-extra-styles \" data-block-type=\"unstyled\" data-block-weight=\"44\" data-block-id=\"18\">\n<p class=\" content-text__container \" data-track-category=\"Link no Texto\" data-track-links=\"\" data-mrf-recirculation=\"Artigo - Links Texto\">O\u00a0<span class=\"highlight highlighted\">carro tem placa de Rio do Sul, no Vale do Itaja\u00ed, em Santa Catarina<\/span>. Francisco Wanderley Luiz, conhecido como Tiu Fran\u00e7a,\u00a0<span class=\"highlight highlighted\">foi\u00a0<\/span><span class=\"highlight highlighted\">candidato a vereador pelo PL nas elei\u00e7\u00f5es municipais de 2020<\/span><span class=\"highlight highlighted\">\u00a0e n\u00e3o se elegeu<\/span>\u00a0(ele teve 98 votos naquela disputa).<\/p>\n<div id=\"chunk-83g85\">\n<div class=\"mc-column content-text active-extra-styles\" data-block-type=\"raw\" data-block-weight=\"6\" data-block-id=\"21\">\n<div class=\"content-intertitle\">\n<h2><strong>3 &#8211; Quais artefatos foram usados?<\/strong><\/h2>\n<\/div>\n<p>At\u00e9 a \u00faltima atualiza\u00e7\u00e3o desta reportagem, n\u00e3o havia informa\u00e7\u00f5es oficiais sobre quais tipos de artefatos explosivos foram usados pelo homem. O esquadr\u00e3o antibombas foi acionado e fez uma varredura nos locais.<\/p>\n<\/div>\n<\/div>\n<div id=\"chunk-1svqe\">\n<div class=\"mc-column content-text active-extra-styles \" data-block-type=\"unstyled\" data-block-weight=\"3\" data-block-id=\"23\">\n<p class=\" content-text__container \" data-track-category=\"Link no Texto\" data-track-links=\"\" data-mrf-recirculation=\"Artigo - Links Texto\">Os militares encontraram:<\/p>\n<\/div>\n<\/div>\n<div id=\"chunk-1sfte\">\n<div class=\"mc-column content-text active-extra-styles\" data-block-type=\"raw\" data-block-weight=\"33\" data-block-id=\"24\">\n<ul class=\"content-unordered-list\">\n<li>um\u00a0rel\u00f3gio com contagem regressiva\u00a0no corpo de Francisco Wanderley;<\/li>\n<li>dois artefatos explosivos no cinto do homem;<\/li>\n<li>um artefato explosivo pr\u00f3ximo ao corpo;<\/li>\n<li>um extintor de inc\u00eandio adaptado para explos\u00e3o pr\u00f3ximo ao corpo.<\/li>\n<\/ul>\n<p><span class=\"highlight highlighted\">No porta-malas do ve\u00edculo do homem foram encontrados <\/span><span class=\"highlight highlighted\">materiais parecidos com explosivos e tijolos<\/span>, al\u00e9m de outros objetos. Tamb\u00e9m foram registradas imagens com fogo e fuma\u00e7a no ve\u00edculo. Parte das explos\u00f5es no carro se parecia com fogos de artif\u00edcio.<\/p>\n<\/div>\n<\/div>\n<\/div>\n<div>\n<div id=\"chunk-3nbcb\">\n<div class=\"mc-column content-text active-extra-styles\" data-block-type=\"raw\" data-block-weight=\"8\" data-block-id=\"27\">\n<div class=\"content-intertitle\">\n<h2><strong>4 &#8211; O que aconteceu antes das explos\u00f5es?<\/strong><\/h2>\n<\/div>\n<p><span class=\"highlight highlighted\">Antes da explos\u00e3o em frente ao STF, o <\/span><span class=\"highlight highlighted\">Francisco Wanderley Luiz tentou entrar no pr\u00e9dio<\/span>. Ele jogou um explosivo embaixo da marquise do edif\u00edcio,\u00a0<span class=\"highlight highlighted\">mostrou que tinha artefatos presos ao corpo a um vigilante, deitou-se no ch\u00e3o e acionou outro explosivo na nuca<\/span>.<\/p>\n<\/div>\n<\/div>\n<div id=\"chunk-cmshb\">\n<div class=\"mc-column content-text active-extra-styles \" data-block-type=\"unstyled\" data-block-weight=\"70\" data-block-id=\"29\">\n<p class=\" content-text__container \" data-track-category=\"Link no Texto\" data-track-links=\"\" data-mrf-recirculation=\"Artigo - Links Texto\">Em um relato \u00e0 Pol\u00edcia Civil, um seguran\u00e7a do STF afirmou que o homem estava com uma mochila, de onde tirou uma blusa, alguns artefatos e um extintor.\u00a0<span class=\"highlight highlighted\">Quando o seguran\u00e7a tentou se aproximar, o homem &#8220;abriu a camisa&#8221; e o seguran\u00e7a viu algo semelhante a um rel\u00f3gio digital, acreditando ser uma bomba<\/span>. Dois ou tr\u00eas artefatos foram lan\u00e7ados pelo homem e estouraram antes dele se deitar no ch\u00e3o.<\/p>\n<\/div>\n<\/div>\n<div id=\"chunk-bics3\">\n<div class=\"mc-column content-text active-extra-styles \" data-block-type=\"unstyled\" data-block-weight=\"43\" data-block-id=\"30\">\n<p class=\" content-text__container \" data-track-category=\"Link no Texto\" data-track-links=\"\" data-mrf-recirculation=\"Artigo - Links Texto\">No Boletim de Ocorr\u00eancia, tamb\u00e9m consta que o\u00a0<span class=\"highlight highlighted\">homem compartilhou mensagens pelo aplicativo WhatsApp que antecipavam o que aconteceu na Pra\u00e7a dos Tr\u00eas Poderes<\/span>, &#8220;manifestando previamente a inten\u00e7\u00e3o do autor em praticar o autoexterm\u00ednio e o atentado a bomba contra pessoas e institui\u00e7\u00f5es&#8221;.<\/p>\n<\/div>\n<\/div>\n<div id=\"chunk-2macv\">\n<div class=\"mc-column content-text active-extra-styles \" data-block-type=\"unstyled\" data-block-weight=\"59\" data-block-id=\"31\">\n<p class=\" content-text__container \" data-track-category=\"Link no Texto\" data-track-links=\"\" data-mrf-recirculation=\"Artigo - Links Texto\">Segundo a Pol\u00edcia Civil,\u00a0<span class=\"highlight highlighted\">ele alugou uma casa em Ceil\u00e2ndia<\/span>, no Distrito Federal. O Boletim de Ocorr\u00eancia afirma que na casa, que passava por per\u00edcia at\u00e9 a \u00faltima atualiza\u00e7\u00e3o desta reportagem,\u00a0<span class=\"highlight highlighted\">policiais encontraram a Carteira Nacional de Habilita\u00e7\u00e3o (CNH) de Francisco<\/span>. Uma testemunha informou aos policiais que o homem esteve no local e usava uma &#8220;carretinha&#8221; no ve\u00edculo.<\/p>\n<\/div>\n<\/div>\n<div id=\"chunk-6cgn1\">\n<div class=\"mc-column content-text active-extra-styles\" data-block-type=\"raw\" data-block-weight=\"7\" data-block-id=\"33\">\n<div class=\"content-intertitle\">\n<h2><strong>5 &#8211; Quem est\u00e1 investigando o caso?<\/strong><\/h2>\n<\/div>\n<p>A Pol\u00edcia Federal (PF) abriu inqu\u00e9rito para investigar as explos\u00f5es. O caso \u00e9 investigado como ato terrorista, segundo informou o diretor-geral da corpora\u00e7\u00e3o, Andrei Rodrigues.<\/p>\n<\/div>\n<\/div>\n<div id=\"chunk-cn8js\">\n<div class=\"mc-column content-text active-extra-styles \" data-block-type=\"unstyled\" data-block-weight=\"15\" data-block-id=\"35\">\n<p class=\" content-text__container \" data-track-category=\"Link no Texto\" data-track-links=\"\" data-mrf-recirculation=\"Artigo - Links Texto\"><span class=\"highlight highlighted\">Um inqu\u00e9rito sobre o caso tamb\u00e9m foi aberto pela Pol\u00edcia Civil<\/span> do Distrito Federal.<\/p>\n<\/div>\n<\/div>\n<div id=\"chunk-1dq35\">\n<div class=\"mc-column content-text active-extra-styles\" data-block-type=\"raw\" data-block-weight=\"7\" data-block-id=\"37\">\n<div class=\"content-intertitle\">\n<h2><strong>6 &#8211; O que dizem as testemunhas?<\/strong><\/h2>\n<\/div>\n<p>No momento do ocorrido, a funcion\u00e1ria do Tribunal de Contas da Uni\u00e3o (TCU) Layana Costa estava em um ponto de \u00f4nibus em frente ao STF. Segundo ela, <span class=\"highlight highlighted\">um homem passou, segurando uma sacola, e acenou com &#8220;um joinha&#8221;<\/span>.\u00a0Os relatos das testemunhas foram de barulho muito alto das explos\u00f5es.<\/p>\n<\/div>\n<\/div>\n<div id=\"chunk-eerm3\">\n<div class=\"mc-column content-text active-extra-styles \" data-block-type=\"unstyled\" data-block-weight=\"46\" data-block-id=\"39\">\n<p class=\" content-text__container \" data-track-category=\"Link no Texto\" data-track-links=\"\" data-mrf-recirculation=\"Artigo - Links Texto\">A mulher afirma que, em seguida, ouviu a primeira explos\u00e3o e, ao olhar para tr\u00e1s,\u00a0<span class=\"highlight highlighted\">viu que o homem jogou algo perto da est\u00e1tua da Justi\u00e7a e logo caiu<\/span>. &#8220;Do nada a gente ouviu o barulho, eu olhei para tr\u00e1s e saiu fogo. Aquela fuma\u00e7a&#8221;, afirmou.<\/p>\n<\/div>\n<\/div>\n<div id=\"chunk-d4sks\">\n<div class=\"mc-column content-text active-extra-styles \" data-block-type=\"unstyled\" data-block-weight=\"30\" data-block-id=\"40\">\n<p class=\" content-text__container \" data-track-category=\"Link no Texto\" data-track-links=\"\" data-mrf-recirculation=\"Artigo - Links Texto\">Carlos Monteiro, dono de um food truck no estacionamento do anexo IV da C\u00e2mara dos Deputados, onde houve a explos\u00e3o de um carro,\u00a0<span class=\"highlight highlighted\">contou que viu o carro pegando fogo<\/span>.<\/p>\n<\/div>\n<\/div>\n<div id=\"chunk-vqsc\">\n<div class=\"mc-column content-text active-extra-styles \" data-block-type=\"unstyled\" data-block-weight=\"47\" data-block-id=\"41\">\n<p class=\" content-text__container \" data-track-category=\"Link no Texto\" data-track-links=\"\" data-mrf-recirculation=\"Artigo - Links Texto\">&#8220;Me informaram que ele parou o carro, tirou as coisas de dentro do porta mala e desceu com mochila nas costas e, de repente, a gente escutou as explos\u00f5es, quando foi olhar, um fumaceiro muito forte, carro pegando fogo e ficamos sabendo que teve esse \u00f3bito&#8221;, disse.<\/p>\n<p class=\" content-text__container \" data-track-category=\"Link no Texto\" data-track-links=\"\" data-mrf-recirculation=\"Artigo - Links Texto\"><strong style=\"font-family: inherit; font-size: inherit; font-style: inherit; font-variant-ligatures: inherit; font-variant-caps: inherit; text-align: center;\">7 &#8211; Como est\u00e3o os locais das explos\u00f5es?<\/strong><\/p>\n<\/div>\n<\/div>\n<div id=\"chunk-aj6pm\">\n<div class=\"mc-column content-text active-extra-styles\" data-block-type=\"raw\" data-block-weight=\"8\" data-block-id=\"43\">\n<p>Logo ap\u00f3s as explos\u00f5es, o <span class=\"highlight highlighted\">per\u00edmetro da Pra\u00e7a dos Tr\u00eas Poderes foi isolado pelos policiais<\/span>. O\u00a0<span class=\"highlight highlighted\">esquadr\u00e3o antibombas foi at\u00e9 l\u00e1 para fazer uma varredura<\/span>\u00a0e verificar a exist\u00eancia de mais explosivos nos arredores, inclusive em ve\u00edculos e no corpo do homem que morreu. A seguran\u00e7a foi refor\u00e7ada.<\/p>\n<\/div>\n<\/div>\n<div id=\"chunk-eqeu1\">\n<div class=\"mc-column content-text active-extra-styles \" data-block-type=\"unstyled\" data-block-weight=\"45\" data-block-id=\"45\">\n<p class=\" content-text__container \" data-track-category=\"Link no Texto\" data-track-links=\"\" data-mrf-recirculation=\"Artigo - Links Texto\">Al\u00e9m da parte externa,\u00a0<span class=\"highlight highlighted\">os pr\u00e9dios do STF passar\u00e3o por uma varredura completa para verifica\u00e7\u00e3o de eventuais artefatos<\/span>\u00a0na madrugada e manh\u00e3 desta quinta-feira (14). O\u00a0<span class=\"highlight highlighted\">expediente foi suspenso at\u00e9 o meio-dia<\/span>\u00a0em todos os pr\u00e9dios, e a situa\u00e7\u00e3o ser\u00e1 reavaliada ao longo da manh\u00e3.<\/p>\n<\/div>\n<\/div>\n<div id=\"chunk-5a3dd\">\n<div class=\"mc-column content-text active-extra-styles \" data-block-type=\"unstyled\" data-block-weight=\"21\" data-block-id=\"46\">\n<p class=\" content-text__container \" data-track-category=\"Link no Texto\" data-track-links=\"\" data-mrf-recirculation=\"Artigo - Links Texto\">Todas as\u00a0<span class=\"highlight highlighted\">atividades administrativas e legislativas da C\u00e2mara dos Deputados tamb\u00e9m foram suspensas<\/span>\u00a0ao menos at\u00e9 o meio-dia desta quinta.<\/p>\n<\/div>\n<\/div>\n<div id=\"chunk-5l8jc\">\n<div id=\"8\" class=\"anchor-position\"><strong>8 &#8211; Algu\u00e9m mais ficou ferido?<\/strong><\/div>\n<\/div>\n<div id=\"chunk-95mlc\">\n<div class=\"mc-column content-text active-extra-styles\" data-block-type=\"raw\" data-block-weight=\"6\" data-block-id=\"48\">\n<p>Al\u00e9m da morte de Francisco Wanderley Luiz, <span class=\"highlight highlighted\">n\u00e3o havia informa\u00e7\u00f5es de pessoas feridas<\/span>\u00a0at\u00e9 a \u00faltima atualiza\u00e7\u00e3o desta reportagem.<\/p>\n<\/div>\n<\/div>\n<div id=\"chunk-e8iap\">\n<div id=\"9\" class=\"anchor-position\"><strong>9 &#8211; O que acontecia nos pr\u00e9dios dos tr\u00eas poderes?<\/strong><\/div>\n<\/div>\n<div id=\"chunk-36ng8\">\n<div class=\"mc-column content-text active-extra-styles\" data-block-type=\"raw\" data-block-weight=\"10\" data-block-id=\"50\">\n<p>No momento do incidente, <span class=\"highlight highlighted\">ocorriam sess\u00f5es na C\u00e2mara e no Senado,\u00a0<\/span><span class=\"highlight highlighted\">que foram suspensas<\/span>. A sess\u00e3o do STF j\u00e1 havia terminado, e\u00a0<span class=\"highlight highlighted\">ministros e servidores foram retirados em seguran\u00e7a<\/span>. O presidente\u00a0<span class=\"highlight highlighted\">Lula n\u00e3o estava mais no Planalto<\/span> \u2014 e n\u00e3o houve ordem para evacuar o pr\u00e9dio.<\/p>\n<\/div>\n<\/div>\n<div id=\"chunk-1tmvk\">\n<div class=\"mc-column content-text active-extra-styles \" data-block-type=\"unstyled\" data-block-weight=\"46\" data-block-id=\"51\">\n<p class=\" content-text__container \" data-track-category=\"Link no Texto\" data-track-links=\"\" data-mrf-recirculation=\"Artigo - Links Texto\"><strong><span style=\"font-family: inherit; font-size: inherit; font-style: inherit; font-variant-ligatures: inherit; font-variant-caps: inherit; text-align: center;\">10 &#8211; Pontos que faltam ser esclarecidos<\/span><\/strong><\/p>\n<\/div>\n<\/div>\n<div id=\"chunk-3tsi3\">\n<div class=\"mc-column content-text active-extra-styles\" data-block-type=\"raw\" data-block-weight=\"79\" data-block-id=\"54\">\n<ul class=\"content-unordered-list\">\n<li>Quais ou quem eram os alvos das explos\u00f5es?<\/li>\n<li>Qual a motiva\u00e7\u00e3o para explodir os artefatos?<\/li>\n<li>Quais tipos de artefatos explosivos foram usados?<\/li>\n<li>Onde os explosivos foram adquiridos?<\/li>\n<li>O homem agiu sozinho ou h\u00e1 mais pessoas envolvidas?<\/li>\n<li>Quando ele visitou os locais antes das explos\u00f5es?<\/li>\n<li>O que havia dentro da casa alugada em Ceil\u00e2ndia?<\/li>\n<li>Desde quando ele estava no Distrito Federal?<\/li>\n<li>O homem conversou ao telefone com algu\u00e9m antes das explos\u00f5es?<\/li>\n<li>O que havia no colete preso ao corpo dele?<\/li>\n<\/ul>\n<p>Fonte: G1<\/p>\n<\/div>\n<\/div>\n<\/div>\n<\/div>\n<\/div>\n<\/div>\n<\/div>\n","protected":false},"excerpt":{"rendered":"<p>Um\u00a0homem morreu ap\u00f3s uma explos\u00e3o em frente ao Supremo Tribunal Federal (STF), na Pra\u00e7a dos Tr\u00eas Poderes, em\u00a0Bras\u00edlia, na noite de quarta-feira (13). Momentos antes,\u00a0outras&#8230;<\/p>\n","protected":false},"author":1527,"featured_media":55390,"comment_status":"closed","ping_status":"closed","sticky":false,"template":"","format":"standard","meta":{"footnotes":""},"categories":[6],"tags":[],"class_list":["post-55388","post","type-post","status-publish","format-standard","has-post-thumbnail","hentry","category-noticias"],"_links":{"self":[{"href":"https:\/\/www.sincomam.org.br\/index.php\/wp-json\/wp\/v2\/posts\/55388","targetHints":{"allow":["GET"]}}],"collection":[{"href":"https:\/\/www.sincomam.org.br\/index.php\/wp-json\/wp\/v2\/posts"}],"about":[{"href":"https:\/\/www.sincomam.org.br\/index.php\/wp-json\/wp\/v2\/types\/post"}],"author":[{"embeddable":true,"href":"https:\/\/www.sincomam.org.br\/index.php\/wp-json\/wp\/v2\/users\/1527"}],"replies":[{"embeddable":true,"href":"https:\/\/www.sincomam.org.br\/index.php\/wp-json\/wp\/v2\/comments?post=55388"}],"version-history":[{"count":1,"href":"https:\/\/www.sincomam.org.br\/index.php\/wp-json\/wp\/v2\/posts\/55388\/revisions"}],"predecessor-version":[{"id":55391,"href":"https:\/\/www.sincomam.org.br\/index.php\/wp-json\/wp\/v2\/posts\/55388\/revisions\/55391"}],"wp:featuredmedia":[{"embeddable":true,"href":"https:\/\/www.sincomam.org.br\/index.php\/wp-json\/wp\/v2\/media\/55390"}],"wp:attachment":[{"href":"https:\/\/www.sincomam.org.br\/index.php\/wp-json\/wp\/v2\/media?parent=55388"}],"wp:term":[{"taxonomy":"category","embeddable":true,"href":"https:\/\/www.sincomam.org.br\/index.php\/wp-json\/wp\/v2\/categories?post=55388"},{"taxonomy":"post_tag","embeddable":true,"href":"https:\/\/www.sincomam.org.br\/index.php\/wp-json\/wp\/v2\/tags?post=55388"}],"curies":[{"name":"wp","href":"https:\/\/api.w.org\/{rel}","templated":true}]}}