{"id":55356,"date":"2024-11-13T07:11:34","date_gmt":"2024-11-13T10:11:34","guid":{"rendered":"http:\/\/www.sincomam.org.br\/?p=55356"},"modified":"2024-11-13T07:11:34","modified_gmt":"2024-11-13T10:11:34","slug":"marinha-do-brasil-e-pescadores-discutem-melhorias-no-rs","status":"publish","type":"post","link":"https:\/\/www.sincomam.org.br\/index.php\/marinha-do-brasil-e-pescadores-discutem-melhorias-no-rs\/","title":{"rendered":"Marinha do Brasil e pescadores discutem melhorias no RS"},"content":{"rendered":"<p>Em um encontro que refor\u00e7ou a parceria entre a Marinha do Brasil e a comunidade pesqueira, a Capitania dos Portos do Rio Grande do Sul (CPRS) reuniu-se com representantes das col\u00f4nias de pescadores de sua \u00e1rea de jurisdi\u00e7\u00e3o no dia 22 de outubro. O evento, realizado nas depend\u00eancias da pr\u00f3pria Capitania, teve como objetivo discutir e aprimorar os servi\u00e7os prestados aos pescadores locais. O Capit\u00e3o dos Portos, Capit\u00e3o de Mar e Guerra Luciano de Assis Luiz, conduziu a reuni\u00e3o, reafirmando o compromisso da Marinha com a seguran\u00e7a, o bem-estar e o apoio ao setor pesqueiro, essencial para a economia e a cultura da regi\u00e3o.<\/p>\n<h3>Temas Abordados na Reuni\u00e3o e Demandas dos Pescadores<\/h3>\n<p>Durante o encontro, foram abordados temas diretamente relacionados \u00e0s necessidades dos pescadores locais, incluindo a renova\u00e7\u00e3o de documentos essenciais, a regulariza\u00e7\u00e3o de embarca\u00e7\u00f5es e a implementa\u00e7\u00e3o de atendimentos itinerantes em regi\u00f5es de dif\u00edcil acesso. Esses atendimentos visam facilitar o acesso dos pescadores aos servi\u00e7os prestados pela Capitania, especialmente para aqueles em situa\u00e7\u00e3o de vulnerabilidade social.<\/p>\n<p>Os representantes das col\u00f4nias tamb\u00e9m levantaram quest\u00f5es sobre os desafios di\u00e1rios enfrentados na atividade pesqueira, desde dificuldades burocr\u00e1ticas at\u00e9 a necessidade de aprimorar a seguran\u00e7a nas embarca\u00e7\u00f5es. O Capit\u00e3o dos Portos destacou que a Capitania est\u00e1 comprometida em encontrar solu\u00e7\u00f5es para essas demandas, promovendo iniciativas que simplifiquem o acesso aos servi\u00e7os e reduzam a carga burocr\u00e1tica para os pescadores.<\/p>\n<p>Fonte: Defesa em Foco<\/p>\n","protected":false},"excerpt":{"rendered":"<p>Em um encontro que refor\u00e7ou a parceria entre a Marinha do Brasil e a comunidade pesqueira, a Capitania dos Portos do Rio Grande do Sul&#8230;<\/p>\n","protected":false},"author":1527,"featured_media":55358,"comment_status":"closed","ping_status":"closed","sticky":false,"template":"","format":"standard","meta":{"footnotes":""},"categories":[6],"tags":[],"class_list":["post-55356","post","type-post","status-publish","format-standard","has-post-thumbnail","hentry","category-noticias"],"_links":{"self":[{"href":"https:\/\/www.sincomam.org.br\/index.php\/wp-json\/wp\/v2\/posts\/55356","targetHints":{"allow":["GET"]}}],"collection":[{"href":"https:\/\/www.sincomam.org.br\/index.php\/wp-json\/wp\/v2\/posts"}],"about":[{"href":"https:\/\/www.sincomam.org.br\/index.php\/wp-json\/wp\/v2\/types\/post"}],"author":[{"embeddable":true,"href":"https:\/\/www.sincomam.org.br\/index.php\/wp-json\/wp\/v2\/users\/1527"}],"replies":[{"embeddable":true,"href":"https:\/\/www.sincomam.org.br\/index.php\/wp-json\/wp\/v2\/comments?post=55356"}],"version-history":[{"count":1,"href":"https:\/\/www.sincomam.org.br\/index.php\/wp-json\/wp\/v2\/posts\/55356\/revisions"}],"predecessor-version":[{"id":55359,"href":"https:\/\/www.sincomam.org.br\/index.php\/wp-json\/wp\/v2\/posts\/55356\/revisions\/55359"}],"wp:featuredmedia":[{"embeddable":true,"href":"https:\/\/www.sincomam.org.br\/index.php\/wp-json\/wp\/v2\/media\/55358"}],"wp:attachment":[{"href":"https:\/\/www.sincomam.org.br\/index.php\/wp-json\/wp\/v2\/media?parent=55356"}],"wp:term":[{"taxonomy":"category","embeddable":true,"href":"https:\/\/www.sincomam.org.br\/index.php\/wp-json\/wp\/v2\/categories?post=55356"},{"taxonomy":"post_tag","embeddable":true,"href":"https:\/\/www.sincomam.org.br\/index.php\/wp-json\/wp\/v2\/tags?post=55356"}],"curies":[{"name":"wp","href":"https:\/\/api.w.org\/{rel}","templated":true}]}}