{"id":55340,"date":"2024-11-13T07:03:15","date_gmt":"2024-11-13T10:03:15","guid":{"rendered":"http:\/\/www.sincomam.org.br\/?p=55340"},"modified":"2024-11-13T07:03:15","modified_gmt":"2024-11-13T10:03:15","slug":"porto-de-santos-inaugura-sistema-de-energia-limpa-para-rebocadores","status":"publish","type":"post","link":"https:\/\/www.sincomam.org.br\/index.php\/porto-de-santos-inaugura-sistema-de-energia-limpa-para-rebocadores\/","title":{"rendered":"Porto de Santos inaugura sistema de energia limpa para rebocadores"},"content":{"rendered":"<p>O Porto de Santos vai inaugurar,\u00a0na pr\u00f3xima quinta-feira (14), um sistema\u00a0<em>Onshore Power Supply<\/em>\u00a0(OPS) no cais da curva do armaz\u00e9m 23. Com a nova infraestrutura, at\u00e9 tr\u00eas rebocadores poder\u00e3o ser abastecidos simultaneamente com energia limpa diretamente do cais, desligando os geradores a diesel enquanto estiverem atracados.\u00a0A eletricidade fornecida aos rebocadores \u00e9 100% renov\u00e1vel e oriunda da hidrel\u00e9trica de Itatinga, contribuindo para a redu\u00e7\u00e3o de 8,4 toneladas di\u00e1rias de di\u00f3xido de carbono, al\u00e9m de 165 kg de \u00f3xidos de nitrog\u00eanio, 21 kg de di\u00f3xido de enxofre e 6 kg de material particulado.<\/p>\n<p>Essa iniciativa, uma parceria entre a Autoridade Portu\u00e1ria de Santos (APS), o Sindiporto e as cinco empresas que operam rebocadores no porto, busca minimizar o impacto ambiental das opera\u00e7\u00f5es portu\u00e1rias e representa uma transforma\u00e7\u00e3o sustent\u00e1vel para a regi\u00e3o.\u00a0Al\u00e9m deste ponto de eletrifica\u00e7\u00e3o no armaz\u00e9m 23, o Porto de Santos j\u00e1 conta com outra infraestrutura de OPS no Cais da Marinha, dedicada ao atendimento das embarca\u00e7\u00f5es da Marinha do Brasil.<\/p>\n<p>O presidente da APS, Anderson Pomini, destacou a import\u00e2ncia do projeto ao afirmar que o projeto coloca o Porto de Santos na vanguarda global das iniciativas sustent\u00e1veis em portos, alinhando-o com as metas internacionais de descarboniza\u00e7\u00e3o e contribuindo para a melhoria da qualidade ambiental e da rela\u00e7\u00e3o porto-cidade. A APS tamb\u00e9m tem planos para ampliar essa infraestrutura com a instala\u00e7\u00e3o de mais cinco pain\u00e9is de eletrifica\u00e7\u00e3o at\u00e9 o final de 2025.<\/p>\n<div class=\"addtoany_container\">Fonte: Portos e Navios<\/div>\n","protected":false},"excerpt":{"rendered":"<p>O Porto de Santos vai inaugurar,\u00a0na pr\u00f3xima quinta-feira (14), um sistema\u00a0Onshore Power Supply\u00a0(OPS) no cais da curva do armaz\u00e9m 23. Com a nova infraestrutura, at\u00e9&#8230;<\/p>\n","protected":false},"author":1527,"featured_media":55342,"comment_status":"closed","ping_status":"closed","sticky":false,"template":"","format":"standard","meta":{"footnotes":""},"categories":[6],"tags":[],"class_list":["post-55340","post","type-post","status-publish","format-standard","has-post-thumbnail","hentry","category-noticias"],"_links":{"self":[{"href":"https:\/\/www.sincomam.org.br\/index.php\/wp-json\/wp\/v2\/posts\/55340","targetHints":{"allow":["GET"]}}],"collection":[{"href":"https:\/\/www.sincomam.org.br\/index.php\/wp-json\/wp\/v2\/posts"}],"about":[{"href":"https:\/\/www.sincomam.org.br\/index.php\/wp-json\/wp\/v2\/types\/post"}],"author":[{"embeddable":true,"href":"https:\/\/www.sincomam.org.br\/index.php\/wp-json\/wp\/v2\/users\/1527"}],"replies":[{"embeddable":true,"href":"https:\/\/www.sincomam.org.br\/index.php\/wp-json\/wp\/v2\/comments?post=55340"}],"version-history":[{"count":1,"href":"https:\/\/www.sincomam.org.br\/index.php\/wp-json\/wp\/v2\/posts\/55340\/revisions"}],"predecessor-version":[{"id":55343,"href":"https:\/\/www.sincomam.org.br\/index.php\/wp-json\/wp\/v2\/posts\/55340\/revisions\/55343"}],"wp:featuredmedia":[{"embeddable":true,"href":"https:\/\/www.sincomam.org.br\/index.php\/wp-json\/wp\/v2\/media\/55342"}],"wp:attachment":[{"href":"https:\/\/www.sincomam.org.br\/index.php\/wp-json\/wp\/v2\/media?parent=55340"}],"wp:term":[{"taxonomy":"category","embeddable":true,"href":"https:\/\/www.sincomam.org.br\/index.php\/wp-json\/wp\/v2\/categories?post=55340"},{"taxonomy":"post_tag","embeddable":true,"href":"https:\/\/www.sincomam.org.br\/index.php\/wp-json\/wp\/v2\/tags?post=55340"}],"curies":[{"name":"wp","href":"https:\/\/api.w.org\/{rel}","templated":true}]}}