{"id":55320,"date":"2024-11-12T08:19:47","date_gmt":"2024-11-12T11:19:47","guid":{"rendered":"http:\/\/www.sincomam.org.br\/?p=55320"},"modified":"2024-11-12T08:19:47","modified_gmt":"2024-11-12T11:19:47","slug":"planejamento-espacial-marinho-e-tema-da-segunda-palestra-sobre-amazonia-azul","status":"publish","type":"post","link":"https:\/\/www.sincomam.org.br\/index.php\/planejamento-espacial-marinho-e-tema-da-segunda-palestra-sobre-amazonia-azul\/","title":{"rendered":"\u201cPlanejamento Espacial Marinho\u201d \u00e9 tema da segunda palestra sobre Amaz\u00f4nia Azul"},"content":{"rendered":"<p class=\"text-align-justify\">No m\u00eas da Amaz\u00f4nia Azul, a Diretoria do Patrim\u00f4nio Hist\u00f3rico e Documenta\u00e7\u00e3o da Marinha promove um ciclo de palestras gratuito e aberto ao p\u00fablico sobre o tema. O evento marca o anivers\u00e1rio de 20 anos da concep\u00e7\u00e3o do conceito que define os limites mar\u00edtimos do Brasil e tem o objetivo de aproximar a popula\u00e7\u00e3o civil da Marinha, integrando-a \u00e0s discuss\u00f5es sobre o assunto.<\/p>\n<p class=\"text-align-justify\">Na \u00faltima sexta-feira (8), ocorreu a segunda palestra com o tema \u201cPlanejamento Espacial Marinho\u201d, no Museu Naval, no Rio de Janeiro (RJ). O debate, conduzido pelo Secret\u00e1rio da Comiss\u00e3o Interministerial de Recursos do Mar (CIRM), Contra-Almirante Ricardo Jaques Ferreira, tratou do uso e da prote\u00e7\u00e3o do sistema oce\u00e2nico nacional.<\/p>\n<p class=\"text-align-justify\">Para o palestrante, o cidad\u00e3o tem papel fundamental para o Planejamento Espacial Marinho. \u201cO processo \u00e9 participativo. A nossa inten\u00e7\u00e3o \u00e9 mesclar dois tipos de conhecimento: o cient\u00edfico e o tradicional. Ent\u00e3o, n\u00f3s temos que trazer a sociedade para que ela se manifeste sobre a forma como utiliza esse recurso ecossist\u00eamico. O objetivo \u00e9 que a sociedade tenha no\u00e7\u00e3o do potencial que o oceano tem e que tome posse do que ela pode fazer com esse imenso mar de riqueza\u201d, explicou.<\/p>\n<figure><\/figure>\n<p class=\"text-align-justify\">O Planejamento Espacial Marinho (PEM) prop\u00f5e organizar as atividades humanas em \u00e1reas marinhas para alcan\u00e7ar metas ecol\u00f3gicas, econ\u00f4micas e sociais previstas nos Objetivos de Desenvolvimento Sustent\u00e1vel (ODS) da Organiza\u00e7\u00e3o das Na\u00e7\u00f5es Unidas (ONU).<\/p>\n<p class=\"text-align-justify\">Funcionando como um modelo de governan\u00e7a, o planejamento re\u00fane dados como \u00e1reas de pesca, transporte mar\u00edtimo e habitats naturais a fim de mapear os detalhes e as quest\u00f5es-chave a serem resolvidas para a melhor utiliza\u00e7\u00e3o do espa\u00e7o marinho no Pa\u00eds. \u00c9 por meio de negocia\u00e7\u00f5es com setores da sociedade que o PEM alia diversos interesses para a implementa\u00e7\u00e3o de um planejamento que guie os usu\u00e1rios do mar.<\/p>\n<p class=\"text-align-justify\">O compromisso com o cumprimento das metas, assumido em 2017 durante Confer\u00eancia da ONU para o Oceano, resultou na cria\u00e7\u00e3o do PEM em 2020. A data final de implementa\u00e7\u00e3o est\u00e1 prevista para 2030. Ao todo, o planejamento ir\u00e1 estudar quatro grandes regi\u00f5es da Amaz\u00f4nia Azul: Sul, Sudeste, Nordeste e Norte.<\/p>\n<p class=\"text-align-justify\">\u201cN\u00f3s gostamos de deixar claro que o PEM n\u00e3o \u00e9 da Marinha. Ele possui dois coordenadores, o Minist\u00e9rio do Meio Ambiente e a Marinha, e conta com o aporte financeiro de duas institui\u00e7\u00f5es primordiais, o BNDES e o FUNBIO. H\u00e1 poucos dias, inclusive, o BNDES lan\u00e7ou a chamada do edital para o PEM da Regi\u00e3o Norte\u201d, completou o atual Secret\u00e1rio da CIRM.<\/p>\n<p class=\"text-align-justify\">O ciclo ter\u00e1 continuidade nos dias 22 e 29 de novembro, com entrada \u00e9 gratuita. As inscri\u00e7\u00f5es s\u00e3o abertas ao p\u00fablico e podem ser feitas pelo e-mail <strong>quirino@marinha.mil.br<\/strong>.<\/p>\n<h5 class=\"text-align-justify\">Amaz\u00f4nia Azul<\/h5>\n<p class=\"text-align-justify\">Cerca de 71% da superf\u00edcie do planeta Terra \u00e9 coberta por oceanos. No Brasil, essa \u00e1rea mar\u00edtima nacional recebe o nome de Amaz\u00f4nia Azul e se estende por 5,7 milh\u00f5es de quil\u00f4metros quadrados, territ\u00f3rio maior do que toda \u00e1rea da Europa Ocidental. A Amaz\u00f4nia Azul se projeta do litoral at\u00e9 o limite exterior da Plataforma Continental Brasileira, chegando a alcan\u00e7ar 1.518 km de extens\u00e3o a leste das terras brasileiras. Saiba mais clicando <a href=\"https:\/\/www.mar.mil.br\/hotsites\/amazonia_azul\/\" target=\"_blank\" rel=\"noopener\">aqui<\/a>.<\/p>\n<h5 class=\"text-align-justify\">Calend\u00e1rio<\/h5>\n<p class=\"text-align-justify\">Data: 22 de novembro, \u00e0s 14h30<br \/>\nTema: \u201cMonumento Natural das Ilhas Cagarras: um ponto de esperan\u00e7a carioca\u201d<br \/>\nPalestrante: Tatiana Teixeira Leite Ribeiro, analista ambiental e Chefe do Monumento Natural das Ilhas Cagarras\/ ICMBio;<\/p>\n<p class=\"text-align-justify\">Data: 29 de novembro, \u00e0s 14h30<br \/>\nTema: \u201cO mar na pol\u00edtica externa brasileira\u201d<br \/>\nPalestrante: Conselheira Mait\u00ea de Souza Schmitz, Chefe da Divis\u00e3o do Mar, da Ant\u00e1rtica e do Espa\u00e7o (DMAE\/MRE).<\/p>\n<h5 class=\"text-align-justify\">Evento<\/h5>\n<p class=\"text-align-justify\">Ciclo de Palestras Alusivo ao Dia Nacional da Amaz\u00f4nia Azul<br \/>\nInscri\u00e7\u00e3o gratuita pelo e-mail: <strong>quirino@marinha.mil.br<\/strong><br \/>\nEndere\u00e7o: Rua Dom Manuel 15, Pra\u00e7a XV, Centro, Rio de Janeiro (RJ)<br \/>\nTelefone: (21) 2104-5506<\/p>\n<p>Fonte: Ag\u00eancia Marinha de Not\u00edcias<\/p>\n","protected":false},"excerpt":{"rendered":"<p>No m\u00eas da Amaz\u00f4nia Azul, a Diretoria do Patrim\u00f4nio Hist\u00f3rico e Documenta\u00e7\u00e3o da Marinha promove um ciclo de palestras gratuito e aberto ao p\u00fablico sobre&#8230;<\/p>\n","protected":false},"author":1527,"featured_media":55322,"comment_status":"closed","ping_status":"closed","sticky":false,"template":"","format":"standard","meta":{"footnotes":""},"categories":[6],"tags":[],"class_list":["post-55320","post","type-post","status-publish","format-standard","has-post-thumbnail","hentry","category-noticias"],"_links":{"self":[{"href":"https:\/\/www.sincomam.org.br\/index.php\/wp-json\/wp\/v2\/posts\/55320","targetHints":{"allow":["GET"]}}],"collection":[{"href":"https:\/\/www.sincomam.org.br\/index.php\/wp-json\/wp\/v2\/posts"}],"about":[{"href":"https:\/\/www.sincomam.org.br\/index.php\/wp-json\/wp\/v2\/types\/post"}],"author":[{"embeddable":true,"href":"https:\/\/www.sincomam.org.br\/index.php\/wp-json\/wp\/v2\/users\/1527"}],"replies":[{"embeddable":true,"href":"https:\/\/www.sincomam.org.br\/index.php\/wp-json\/wp\/v2\/comments?post=55320"}],"version-history":[{"count":1,"href":"https:\/\/www.sincomam.org.br\/index.php\/wp-json\/wp\/v2\/posts\/55320\/revisions"}],"predecessor-version":[{"id":55323,"href":"https:\/\/www.sincomam.org.br\/index.php\/wp-json\/wp\/v2\/posts\/55320\/revisions\/55323"}],"wp:featuredmedia":[{"embeddable":true,"href":"https:\/\/www.sincomam.org.br\/index.php\/wp-json\/wp\/v2\/media\/55322"}],"wp:attachment":[{"href":"https:\/\/www.sincomam.org.br\/index.php\/wp-json\/wp\/v2\/media?parent=55320"}],"wp:term":[{"taxonomy":"category","embeddable":true,"href":"https:\/\/www.sincomam.org.br\/index.php\/wp-json\/wp\/v2\/categories?post=55320"},{"taxonomy":"post_tag","embeddable":true,"href":"https:\/\/www.sincomam.org.br\/index.php\/wp-json\/wp\/v2\/tags?post=55320"}],"curies":[{"name":"wp","href":"https:\/\/api.w.org\/{rel}","templated":true}]}}