{"id":55311,"date":"2024-11-12T08:16:22","date_gmt":"2024-11-12T11:16:22","guid":{"rendered":"http:\/\/www.sincomam.org.br\/?p=55311"},"modified":"2024-11-12T08:16:22","modified_gmt":"2024-11-12T11:16:22","slug":"porto-de-roterda-definiu-tarifas-portuarias-para-proximos-3-anos","status":"publish","type":"post","link":"https:\/\/www.sincomam.org.br\/index.php\/porto-de-roterda-definiu-tarifas-portuarias-para-proximos-3-anos\/","title":{"rendered":"Porto de Roterd\u00e3 definiu tarifas portu\u00e1rias para pr\u00f3ximos 3 anos"},"content":{"rendered":"<p>A Autoridade Portu\u00e1ria de Roterd\u00e3 definiu as tarifas portu\u00e1rias e portu\u00e1rias interiores para os pr\u00f3ximos tr\u00eas anos, com altera\u00e7\u00f5es que incluem um \u00edndice de sustentabilidade. Em consulta com a Deltalinqs e a\u00a0<em>Association of Rotterdam Shipbrokers and Agents<\/em>\u00a0(VRC), a nova abordagem entra em vigor em 1\u00ba de janeiro de 2025, visando alinhar-se com metas ambientais e de efici\u00eancia. As tarifas portu\u00e1rias para 2025 ter\u00e3o um aumento de 6%, seguido de 3,5% em 2026 e 2,5% em 2027.<\/p>\n<p>Descontos previamente oferecidos ser\u00e3o eliminados para simplificar o c\u00e1lculo das taxas, e descontos focados em sustentabilidade e efici\u00eancia ser\u00e3o incrementados. A partir de 2025, embarca\u00e7\u00f5es com alta pontua\u00e7\u00e3o no\u00a0<em>Environmental Ship Index<\/em>\u00a0(ESI) ou com certifica\u00e7\u00e3o\u00a0<em>Green Award<\/em>\u00a0ter\u00e3o tarifas reduzidas. Al\u00e9m disso, o fator de carga ser\u00e1 considerado, beneficiando embarca\u00e7\u00f5es que operam com alta efici\u00eancia de transporte por tonelada, reduzindo emiss\u00f5es.<\/p>\n<p>Nas tarifas de portos interiores, haver\u00e1 uma contribui\u00e7\u00e3o de sustentabilidade de 5%, cujas receitas ser\u00e3o investidas em iniciativas de sustentabilidade no setor de transporte fluvial. Embarca\u00e7\u00f5es com certificados\u00a0<em>Green Award<\/em>\u00a0ter\u00e3o descontos progressivos: 15% para Bronze e Silver, 30% para Gold e 100% para Platinum. Barcos que compartilham dados de localiza\u00e7\u00e3o por rastreamento com o Porto de Roterd\u00e3 tamb\u00e9m recebem desconto de 5% nas taxas portu\u00e1rias, incentivando transpar\u00eancia e seguran\u00e7a.<\/p>\n<p>Fonte: Portos e Navios<\/p>\n","protected":false},"excerpt":{"rendered":"<p>A Autoridade Portu\u00e1ria de Roterd\u00e3 definiu as tarifas portu\u00e1rias e portu\u00e1rias interiores para os pr\u00f3ximos tr\u00eas anos, com altera\u00e7\u00f5es que incluem um \u00edndice de sustentabilidade&#8230;.<\/p>\n","protected":false},"author":1527,"featured_media":55313,"comment_status":"closed","ping_status":"closed","sticky":false,"template":"","format":"standard","meta":{"footnotes":""},"categories":[6],"tags":[],"class_list":["post-55311","post","type-post","status-publish","format-standard","has-post-thumbnail","hentry","category-noticias"],"_links":{"self":[{"href":"https:\/\/www.sincomam.org.br\/index.php\/wp-json\/wp\/v2\/posts\/55311","targetHints":{"allow":["GET"]}}],"collection":[{"href":"https:\/\/www.sincomam.org.br\/index.php\/wp-json\/wp\/v2\/posts"}],"about":[{"href":"https:\/\/www.sincomam.org.br\/index.php\/wp-json\/wp\/v2\/types\/post"}],"author":[{"embeddable":true,"href":"https:\/\/www.sincomam.org.br\/index.php\/wp-json\/wp\/v2\/users\/1527"}],"replies":[{"embeddable":true,"href":"https:\/\/www.sincomam.org.br\/index.php\/wp-json\/wp\/v2\/comments?post=55311"}],"version-history":[{"count":1,"href":"https:\/\/www.sincomam.org.br\/index.php\/wp-json\/wp\/v2\/posts\/55311\/revisions"}],"predecessor-version":[{"id":55314,"href":"https:\/\/www.sincomam.org.br\/index.php\/wp-json\/wp\/v2\/posts\/55311\/revisions\/55314"}],"wp:featuredmedia":[{"embeddable":true,"href":"https:\/\/www.sincomam.org.br\/index.php\/wp-json\/wp\/v2\/media\/55313"}],"wp:attachment":[{"href":"https:\/\/www.sincomam.org.br\/index.php\/wp-json\/wp\/v2\/media?parent=55311"}],"wp:term":[{"taxonomy":"category","embeddable":true,"href":"https:\/\/www.sincomam.org.br\/index.php\/wp-json\/wp\/v2\/categories?post=55311"},{"taxonomy":"post_tag","embeddable":true,"href":"https:\/\/www.sincomam.org.br\/index.php\/wp-json\/wp\/v2\/tags?post=55311"}],"curies":[{"name":"wp","href":"https:\/\/api.w.org\/{rel}","templated":true}]}}