{"id":55302,"date":"2024-11-12T08:14:21","date_gmt":"2024-11-12T11:14:21","guid":{"rendered":"http:\/\/www.sincomam.org.br\/?p=55302"},"modified":"2024-11-12T08:14:21","modified_gmt":"2024-11-12T11:14:21","slug":"mpor-e-antaq-apresentam-6-gts-do-programa-navegue-simples","status":"publish","type":"post","link":"https:\/\/www.sincomam.org.br\/index.php\/mpor-e-antaq-apresentam-6-gts-do-programa-navegue-simples\/","title":{"rendered":"MPor e Antaq apresentam 6 GTs do programa Navegue Simples"},"content":{"rendered":"<p dir=\"ltr\">A Ag\u00eancia Nacional de Transportes Aquavi\u00e1rios (ANTAQ) e o Minist\u00e9rio de Portos e Aeroportos apresentaram, nesta segunda-feira (11), os seis Grupos de Trabalhos do Navegue Simples que v\u00e3o funcionar nos pr\u00f3ximos anos.<\/p>\n<p dir=\"ltr\">O primeiro, que est\u00e1 em atividade desde julho deste ano, trata-se da simplifica\u00e7\u00e3o e a desburocratiza\u00e7\u00e3o de processos da ANTAQ e do minist\u00e9rio para os terminais privados. Esse GT foi instalado logo ap\u00f3s o lan\u00e7amento do programa.<\/p>\n<p dir=\"ltr\">Os grupos ter\u00e3o car\u00e1ter tempor\u00e1rio em ciclo de 12 meses com a apresenta\u00e7\u00e3o dos resultados em agosto. A segunda etapa ocorrer\u00e1 de julho de 2025 a junho de 2026. O terceiro ciclo ser\u00e1 de julho de 2026 a junho de 2027, seguido pelo \u00faltimo ciclo de julho de 2027 a junho de 2028.<\/p>\n<p dir=\"ltr\">Os temas dos demais GTs s\u00e3o licenciamento ambiental para instala\u00e7\u00f5es portu\u00e1rias privadas fora do porto p\u00fablico, destina\u00e7\u00e3o de terrenos e espa\u00e7o f\u00edsico em \u00e1guas p\u00fablicas da Uni\u00e3o para instala\u00e7\u00f5es portu\u00e1rias fora do porto p\u00fablico, simplifica\u00e7\u00e3o e desburocratiza\u00e7\u00e3o de processos de arrendamentos, adapta\u00e7\u00e3o \u00e0 mudan\u00e7a do clima em portos e inova\u00e7\u00e3o no ambiente portu\u00e1rio.<\/p>\n<p dir=\"ltr\">\u201cEsses s\u00e3o os nossos pr\u00f3ximos passos para esse projeto que \u00e9 t\u00e3o importante. Durante o processo n\u00e3o vai faltar di\u00e1logo interno e com privado, que \u00e9 diretamente afetado com as mudan\u00e7as. O programa vai permitir ainda mais melhorias para o setor\u201d, destacou o diretor-geral, Eduardo Nery, durante o evento de lan\u00e7amento que aconteceu na sede do minist\u00e9rio.<\/p>\n<p dir=\"ltr\"><strong>Benef\u00edcios<\/strong><\/p>\n<p dir=\"ltr\">Recentemente, a ANTAQ aprovou o relat\u00f3rio do primeiro grupo de trabalho sobre os terminais privados com algumas sugest\u00f5es de a\u00e7\u00f5es que v\u00e3o permitir agilizar os processos de autoriza\u00e7\u00f5es.<\/p>\n<p dir=\"ltr\">No curto prazo, o Navegue Simples proporciona uma tramita\u00e7\u00e3o mais eficiente e transparente dos processos de autoriza\u00e7\u00e3o, com a redu\u00e7\u00e3o dos prazos atualmente observados.<\/p>\n<p dir=\"ltr\">A m\u00e9dio e longo prazo, as mudan\u00e7as sugeridas v\u00e3o promover uma reestrutura\u00e7\u00e3o significativa no ambiente regulat\u00f3rio do setor, resultando em um sistema mais integrado e moderno. A centraliza\u00e7\u00e3o e padroniza\u00e7\u00e3o dos processos, bem como a utiliza\u00e7\u00e3o de sistemas eletr\u00f4nicos de gest\u00e3o, v\u00e3o permitir uma comunica\u00e7\u00e3o mais eficiente entre os \u00f3rg\u00e3os envolvidos.<\/p>\n<p dir=\"ltr\">Fonte: Antaq<\/p>\n","protected":false},"excerpt":{"rendered":"<p>A Ag\u00eancia Nacional de Transportes Aquavi\u00e1rios (ANTAQ) e o Minist\u00e9rio de Portos e Aeroportos apresentaram, nesta segunda-feira (11), os seis Grupos de Trabalhos do Navegue&#8230;<\/p>\n","protected":false},"author":1527,"featured_media":55304,"comment_status":"closed","ping_status":"closed","sticky":false,"template":"","format":"standard","meta":{"footnotes":""},"categories":[6],"tags":[],"class_list":["post-55302","post","type-post","status-publish","format-standard","has-post-thumbnail","hentry","category-noticias"],"_links":{"self":[{"href":"https:\/\/www.sincomam.org.br\/index.php\/wp-json\/wp\/v2\/posts\/55302","targetHints":{"allow":["GET"]}}],"collection":[{"href":"https:\/\/www.sincomam.org.br\/index.php\/wp-json\/wp\/v2\/posts"}],"about":[{"href":"https:\/\/www.sincomam.org.br\/index.php\/wp-json\/wp\/v2\/types\/post"}],"author":[{"embeddable":true,"href":"https:\/\/www.sincomam.org.br\/index.php\/wp-json\/wp\/v2\/users\/1527"}],"replies":[{"embeddable":true,"href":"https:\/\/www.sincomam.org.br\/index.php\/wp-json\/wp\/v2\/comments?post=55302"}],"version-history":[{"count":1,"href":"https:\/\/www.sincomam.org.br\/index.php\/wp-json\/wp\/v2\/posts\/55302\/revisions"}],"predecessor-version":[{"id":55305,"href":"https:\/\/www.sincomam.org.br\/index.php\/wp-json\/wp\/v2\/posts\/55302\/revisions\/55305"}],"wp:featuredmedia":[{"embeddable":true,"href":"https:\/\/www.sincomam.org.br\/index.php\/wp-json\/wp\/v2\/media\/55304"}],"wp:attachment":[{"href":"https:\/\/www.sincomam.org.br\/index.php\/wp-json\/wp\/v2\/media?parent=55302"}],"wp:term":[{"taxonomy":"category","embeddable":true,"href":"https:\/\/www.sincomam.org.br\/index.php\/wp-json\/wp\/v2\/categories?post=55302"},{"taxonomy":"post_tag","embeddable":true,"href":"https:\/\/www.sincomam.org.br\/index.php\/wp-json\/wp\/v2\/tags?post=55302"}],"curies":[{"name":"wp","href":"https:\/\/api.w.org\/{rel}","templated":true}]}}