{"id":55289,"date":"2024-11-11T10:28:02","date_gmt":"2024-11-11T13:28:02","guid":{"rendered":"http:\/\/www.sincomam.org.br\/?p=55289"},"modified":"2024-11-11T10:28:02","modified_gmt":"2024-11-11T13:28:02","slug":"esquadra-brasileira-celebra-202-anos-de-tradicao-e-forca","status":"publish","type":"post","link":"https:\/\/www.sincomam.org.br\/index.php\/esquadra-brasileira-celebra-202-anos-de-tradicao-e-forca\/","title":{"rendered":"Esquadra Brasileira celebra 202 anos de tradi\u00e7\u00e3o e for\u00e7a"},"content":{"rendered":"<p>A brisa que inflava a bandeira nacional em 1822, a bordo da Nau \u201cPedro I\u201d, foi o sopro de partida para a trajet\u00f3ria de uma das institui\u00e7\u00f5es mais importantes para a defesa do Brasil: a Esquadra da Marinha. Completando 202 anos, a Esquadra reflete o compromisso com a soberania e seguran\u00e7a do Pa\u00eds, avan\u00e7ando em tecnologia para proteger os interesses nacionais.<\/p>\n<h3>Origens e Tradi\u00e7\u00e3o da Esquadra Brasileira<\/h3>\n<p>A hist\u00f3ria da Esquadra da Marinha do Brasil come\u00e7a em um momento decisivo para a na\u00e7\u00e3o. Em 10 de novembro de 1822, pouco ap\u00f3s a independ\u00eancia do\u00a0Brasil, a bandeira nacional foi hasteada pela primeira vez em um navio de guerra brasileiro, a Nau \u201cPedro I\u201d, dando in\u00edcio a uma trajet\u00f3ria dedicada \u00e0 defesa dos interesses do pa\u00eds. Inicialmente chamada de Nau \u201cMartim de Freitas\u201d, a embarca\u00e7\u00e3o foi rebatizada em homenagem ao imperador, simbolizando o nascimento da Marinha e a for\u00e7a naval brasileira.<\/p>\n<p>A Esquadra teve papel crucial em batalhas que consolidaram a independ\u00eancia e garantiram a integridade do territ\u00f3rio. Ao longo dos anos, tornou-se guardi\u00e3 dos valores de honra e disciplina, fundamentais na forma\u00e7\u00e3o dos marinheiros e na constru\u00e7\u00e3o da identidade da Marinha. Cada navio, miss\u00e3o e conquista \u00e9 carregado do orgulho pela tradi\u00e7\u00e3o iniciada h\u00e1 202 anos, e hoje a Esquadra segue firme em sua voca\u00e7\u00e3o de defender a p\u00e1tria e proteger as riquezas mar\u00edtimas do pa\u00eds.<\/p>\n<h3>A Moderniza\u00e7\u00e3o e os Avan\u00e7os Tecnol\u00f3gicos<\/h3>\n<p>Embora enraizada na tradi\u00e7\u00e3o, a Esquadra Brasileira tem apostado firmemente na inova\u00e7\u00e3o para se manter pronta frente aos desafios contempor\u00e2neos. Com apoio da Base Industrial de Defesa, a Marinha investe na moderniza\u00e7\u00e3o de seus recursos b\u00e9licos, fortalecendo sua frota e incorporando tecnologias de ponta. Projetos estrat\u00e9gicos como o Programa de Submarinos (PROSUB) elevam a capacidade de dissuas\u00e3o do pa\u00eds, e a constru\u00e7\u00e3o do primeiro submarino de propuls\u00e3o nuclear do Brasil \u00e9 um marco nesse sentido, al\u00e7ando o pa\u00eds a um seleto grupo de na\u00e7\u00f5es com essa tecnologia.<\/p>\n<p>As fragatas da Classe Tamandar\u00e9 tamb\u00e9m integram essa nova fase da Esquadra, com previs\u00e3o de entrega das primeiras unidades nos pr\u00f3ximos anos. Essas embarca\u00e7\u00f5es, equipadas com armamentos modernos e tecnologia de monitoramento avan\u00e7ada, s\u00e3o desenvolvidas em parceria com empresas nacionais e estrangeiras, fomentando o desenvolvimento da ind\u00fastria nacional. Al\u00e9m disso, a Marinha vem fortalecendo seu setor de defesa cibern\u00e9tica e sistemas de vigil\u00e2ncia mar\u00edtima, essenciais para garantir o controle e seguran\u00e7a das \u00e1guas brasileiras, que abrigam uma das mais extensas \u00e1reas de recursos naturais do mundo.<\/p>\n<h3>Miss\u00f5es e Desafios da Esquadra no S\u00e9culo XXI<\/h3>\n<p>A miss\u00e3o da Esquadra vai al\u00e9m da defesa das \u00e1guas territoriais: ela assume papel de destaque na manuten\u00e7\u00e3o da seguran\u00e7a do Atl\u00e2ntico Sul, regi\u00e3o estrat\u00e9gica para o com\u00e9rcio internacional e para a soberania do Brasil. Opera\u00e7\u00f5es de patrulha e combate ao tr\u00e1fico de il\u00edcitos s\u00e3o realizadas regularmente pela Esquadra, garantindo a seguran\u00e7a nas rotas comerciais e colaborando para a paz no litoral e mar brasileiro. Al\u00e9m disso, a Marinha participa de miss\u00f5es de paz e coopera\u00e7\u00e3o internacional, refor\u00e7ando a imagem do Brasil como um pa\u00eds pac\u00edfico, mas atento \u00e0s quest\u00f5es de seguran\u00e7a global.<\/p>\n<p>Com a constante preocupa\u00e7\u00e3o com o futuro, a Esquadra est\u00e1 cada vez mais alinhada com pr\u00e1ticas de sustentabilidade, promovendo opera\u00e7\u00f5es com menos impacto ambiental e preservando os ecossistemas marinhos. A Marinha Brasileira enxerga nos pr\u00f3ximos anos uma oportunidade de consolidar-se como uma for\u00e7a ainda mais preparada e moderna, capaz de defender o patrim\u00f4nio e a soberania do pa\u00eds com efici\u00eancia e respeito \u00e0s novas demandas ambientais.<\/p>\n<p>Assim, ao completar 202 anos, a Esquadra da\u00a0Marinha do Brasil\u00a0renova seu compromisso com a na\u00e7\u00e3o, mantendo-se fiel aos valores que guiaram seus primeiros passos e ampliando suas capacidades para enfrentar os desafios do s\u00e9culo XXI.<\/p>\n<p>Fonte: Defesa em Foco<\/p>\n","protected":false},"excerpt":{"rendered":"<p>A brisa que inflava a bandeira nacional em 1822, a bordo da Nau \u201cPedro I\u201d, foi o sopro de partida para a trajet\u00f3ria de uma&#8230;<\/p>\n","protected":false},"author":1527,"featured_media":55291,"comment_status":"closed","ping_status":"closed","sticky":false,"template":"","format":"standard","meta":{"footnotes":""},"categories":[6],"tags":[],"class_list":["post-55289","post","type-post","status-publish","format-standard","has-post-thumbnail","hentry","category-noticias"],"_links":{"self":[{"href":"https:\/\/www.sincomam.org.br\/index.php\/wp-json\/wp\/v2\/posts\/55289","targetHints":{"allow":["GET"]}}],"collection":[{"href":"https:\/\/www.sincomam.org.br\/index.php\/wp-json\/wp\/v2\/posts"}],"about":[{"href":"https:\/\/www.sincomam.org.br\/index.php\/wp-json\/wp\/v2\/types\/post"}],"author":[{"embeddable":true,"href":"https:\/\/www.sincomam.org.br\/index.php\/wp-json\/wp\/v2\/users\/1527"}],"replies":[{"embeddable":true,"href":"https:\/\/www.sincomam.org.br\/index.php\/wp-json\/wp\/v2\/comments?post=55289"}],"version-history":[{"count":1,"href":"https:\/\/www.sincomam.org.br\/index.php\/wp-json\/wp\/v2\/posts\/55289\/revisions"}],"predecessor-version":[{"id":55292,"href":"https:\/\/www.sincomam.org.br\/index.php\/wp-json\/wp\/v2\/posts\/55289\/revisions\/55292"}],"wp:featuredmedia":[{"embeddable":true,"href":"https:\/\/www.sincomam.org.br\/index.php\/wp-json\/wp\/v2\/media\/55291"}],"wp:attachment":[{"href":"https:\/\/www.sincomam.org.br\/index.php\/wp-json\/wp\/v2\/media?parent=55289"}],"wp:term":[{"taxonomy":"category","embeddable":true,"href":"https:\/\/www.sincomam.org.br\/index.php\/wp-json\/wp\/v2\/categories?post=55289"},{"taxonomy":"post_tag","embeddable":true,"href":"https:\/\/www.sincomam.org.br\/index.php\/wp-json\/wp\/v2\/tags?post=55289"}],"curies":[{"name":"wp","href":"https:\/\/api.w.org\/{rel}","templated":true}]}}