{"id":5528,"date":"2014-05-16T08:18:58","date_gmt":"2014-05-16T11:18:58","guid":{"rendered":"http:\/\/www.sincomam.org.br\/?p=5528"},"modified":"2014-05-16T00:25:39","modified_gmt":"2014-05-16T03:25:39","slug":"nivel-do-sistema-cantareira-cai-mais-e-fica-em-82","status":"publish","type":"post","link":"https:\/\/www.sincomam.org.br\/index.php\/nivel-do-sistema-cantareira-cai-mais-e-fica-em-82\/","title":{"rendered":"N\u00edvel do sistema Cantareira cai mais e fica em 8,2%"},"content":{"rendered":"<p>O n\u00edvel do sistema Cantareira continuou a cair e est\u00e1 em 8,2% de sua capacidade total nesta quinta-feira. A retirada do volume morto do local reserva de \u00e1gua na zona mais funda das represas que, por ficar abaixo da tubula\u00e7\u00e3o que capta o l\u00edquido dos reservat\u00f3rios, precisa ser bombeada para a superf\u00edcie \u2013 come\u00e7ou ontem (15) de acordo com a Sabesp.<\/p>\n<p>Em Joan\u00f3polis (SP), o governador do Estado, Geraldo Alckmin (PSDB), participa do evento que marca in\u00edcio da opera\u00e7\u00e3o que pretende assegurar o abastecimento de \u00e1gua na regi\u00e3o metropolitana at\u00e9 mar\u00e7o de 2015.<\/p>\n<p>A previs\u00e3o, no entanto, foi rebatida pela Ag\u00eancia Nacional de \u00c1guas (ANA). De acordo com a ag\u00eancia, o volume morto do sistema Cantareira pode ser esgotado antes de novembro, caso se mantenham os atuais n\u00edveis de chuva e de retirada de \u00e1gua das represas.<\/p>\n<p>A ANA, junto com o Departamento de \u00c1gua e Energia El\u00e9trica (DAEE) do Estado, \u00e9 respons\u00e1vel pela gest\u00e3o do Cantareira, sistema que abastece diretamente 8,8 milh\u00f5es de pessoas na Grande SP e indiretamente 5,5 milh\u00f5es no interior do Estado, nas bacias dos rios Piracicaba, Capivari e Jundia\u00ed (PCJ).<\/p>\n<p>A companhia estadual de saneamento investiu R$ 80 milh\u00f5es em bombas para conseguir retirar essa \u00e1gua quando o &#8220;volume \u00fatil&#8221; do sistema acabar. A capta\u00e7\u00e3o elevar\u00e1 o n\u00edvel do Cantareira em 18,5%, segundo a Sabesp.<\/p>\n<p>De acordo com o boletim t\u00e9cnico, desde o in\u00edcio do m\u00eas choveu 0,7 mm na regi\u00e3o do reservat\u00f3rio &#8211; a m\u00e9dia para maio \u00e9 de 83,2 mm.<\/p>\n<p>No atual ritmo de queda, a capacidade do Cantareira chegaria a 0% na \u00faltima semana de junho, em plena Copa do Mundo. Na semana em quest\u00e3o, S\u00e3o Paulo receber\u00e1 um jogo das oitava de final do Mundial.<\/p>\n<p>Fonte: Folhapress<\/p>\n","protected":false},"excerpt":{"rendered":"<p>O n\u00edvel do sistema Cantareira continuou a cair e est\u00e1 em 8,2% de sua capacidade total nesta quinta-feira. A retirada do volume morto do local&#8230;<\/p>\n","protected":false},"author":1182,"featured_media":5407,"comment_status":"closed","ping_status":"closed","sticky":false,"template":"","format":"standard","meta":{"footnotes":""},"categories":[6],"tags":[452,1207,790,1208,163,1160,1206],"class_list":["post-5528","post","type-post","status-publish","format-standard","has-post-thumbnail","hentry","category-noticias","tag-agua","tag-cai","tag-cantareira","tag-morto","tag-retirada","tag-sistema","tag-volume"],"_links":{"self":[{"href":"https:\/\/www.sincomam.org.br\/index.php\/wp-json\/wp\/v2\/posts\/5528","targetHints":{"allow":["GET"]}}],"collection":[{"href":"https:\/\/www.sincomam.org.br\/index.php\/wp-json\/wp\/v2\/posts"}],"about":[{"href":"https:\/\/www.sincomam.org.br\/index.php\/wp-json\/wp\/v2\/types\/post"}],"author":[{"embeddable":true,"href":"https:\/\/www.sincomam.org.br\/index.php\/wp-json\/wp\/v2\/users\/1182"}],"replies":[{"embeddable":true,"href":"https:\/\/www.sincomam.org.br\/index.php\/wp-json\/wp\/v2\/comments?post=5528"}],"version-history":[{"count":1,"href":"https:\/\/www.sincomam.org.br\/index.php\/wp-json\/wp\/v2\/posts\/5528\/revisions"}],"predecessor-version":[{"id":5529,"href":"https:\/\/www.sincomam.org.br\/index.php\/wp-json\/wp\/v2\/posts\/5528\/revisions\/5529"}],"wp:featuredmedia":[{"embeddable":true,"href":"https:\/\/www.sincomam.org.br\/index.php\/wp-json\/wp\/v2\/media\/5407"}],"wp:attachment":[{"href":"https:\/\/www.sincomam.org.br\/index.php\/wp-json\/wp\/v2\/media?parent=5528"}],"wp:term":[{"taxonomy":"category","embeddable":true,"href":"https:\/\/www.sincomam.org.br\/index.php\/wp-json\/wp\/v2\/categories?post=5528"},{"taxonomy":"post_tag","embeddable":true,"href":"https:\/\/www.sincomam.org.br\/index.php\/wp-json\/wp\/v2\/tags?post=5528"}],"curies":[{"name":"wp","href":"https:\/\/api.w.org\/{rel}","templated":true}]}}