{"id":55267,"date":"2024-11-11T10:22:02","date_gmt":"2024-11-11T13:22:02","guid":{"rendered":"http:\/\/www.sincomam.org.br\/?p=55267"},"modified":"2024-11-11T10:22:02","modified_gmt":"2024-11-11T13:22:02","slug":"costa-filho-confirma-transferencia-do-terminal-de-cruzeiros-de-santos","status":"publish","type":"post","link":"https:\/\/www.sincomam.org.br\/index.php\/costa-filho-confirma-transferencia-do-terminal-de-cruzeiros-de-santos\/","title":{"rendered":"Costa Filho confirma transfer\u00eancia do terminal de cruzeiros de Santos"},"content":{"rendered":"<p>O ministro de Portos e Aeroportos, Silvio Costa Filho, anunciou a transfer\u00eancia do terminal de cruzeiros do Porto de Santos, o Concais, do cais de Outeirinhos para o Parque Valongo, em evento que marcou a abertura da temporada de cruzeiros. A mudan\u00e7a visa revitalizar o Centro Hist\u00f3rico de Santos, oferecendo mais conforto aos turistas e fomentando o crescimento do setor de cruzeiros no Brasil. O evento ocorreu a bordo do navio\u00a0<em>Seaview<\/em>. Durante a solenidade, o ministro destacou a import\u00e2ncia do turismo para a economia brasileira e o potencial de crescimento dos cruzeiros, que devem atrair mais de um milh\u00e3o de visitantes nesta temporada. Ele tamb\u00e9m agradeceu \u00e0 MSC por seu compromisso com o Brasil, com a opera\u00e7\u00e3o de 14 navios e mais de uma centena de escalas.<\/p>\n<p>O ministro tamb\u00e9m informou que o processo para a constru\u00e7\u00e3o do t\u00fanel Santos-Guaruj\u00e1 ser\u00e1 enviado ao Tribunal de Contas da Uni\u00e3o (TCU) at\u00e9 dezembro, com previs\u00e3o de licita\u00e7\u00e3o para o primeiro semestre de 2025. Com investimentos de R$ 12 bilh\u00f5es em infraestrutura em andamento, incluindo dragagem e melhorias perimetrais, a expectativa \u00e9 de que essas obras gerem empregos e impulsionem o desenvolvimento regional.<\/p>\n<p>Antes da cerim\u00f4nia de abertura dos cruzeiros, o ministro participou da inaugura\u00e7\u00e3o do Terminal 32 da Suzano e da segunda fase de outro terminal da empresa no Porto de Santos. Com a amplia\u00e7\u00e3o, a exporta\u00e7\u00e3o de celulose pela Suzano dever\u00e1 aumentar de 4,6 para 6,6 milh\u00f5es de toneladas anuais, atendendo a mais de 100 pa\u00edses. O presidente da Suzano, Jo\u00e3o Alberto de Abreu, destacou que os novos terminais s\u00e3o parte de um investimento de R$ 22,2 bilh\u00f5es na nova f\u00e1brica de Ribas do Rio Pardo (MS), que est\u00e1 gerando empregos em todo o pa\u00eds.<\/p>\n<p>A prefeita em exerc\u00edcio, Renata Bravo, ressaltou a contribui\u00e7\u00e3o da Suzano para a economia local, com a gera\u00e7\u00e3o de 600 empregos em Santos. O ministro Silvio Costa Filho refor\u00e7ou o compromisso do governo federal com a infraestrutura e o desenvolvimento econ\u00f4mico, destacando investimentos do PAC, que destinou 60% de seus recursos para projetos que incentivam o crescimento econ\u00f4mico e a gera\u00e7\u00e3o de empregos.<\/p>\n<p>Fonte: Portos e Navios<\/p>\n<p>&nbsp;<\/p>\n","protected":false},"excerpt":{"rendered":"<p>O ministro de Portos e Aeroportos, Silvio Costa Filho, anunciou a transfer\u00eancia do terminal de cruzeiros do Porto de Santos, o Concais, do cais de&#8230;<\/p>\n","protected":false},"author":1527,"featured_media":55269,"comment_status":"closed","ping_status":"closed","sticky":false,"template":"","format":"standard","meta":{"footnotes":""},"categories":[6],"tags":[],"class_list":["post-55267","post","type-post","status-publish","format-standard","has-post-thumbnail","hentry","category-noticias"],"_links":{"self":[{"href":"https:\/\/www.sincomam.org.br\/index.php\/wp-json\/wp\/v2\/posts\/55267","targetHints":{"allow":["GET"]}}],"collection":[{"href":"https:\/\/www.sincomam.org.br\/index.php\/wp-json\/wp\/v2\/posts"}],"about":[{"href":"https:\/\/www.sincomam.org.br\/index.php\/wp-json\/wp\/v2\/types\/post"}],"author":[{"embeddable":true,"href":"https:\/\/www.sincomam.org.br\/index.php\/wp-json\/wp\/v2\/users\/1527"}],"replies":[{"embeddable":true,"href":"https:\/\/www.sincomam.org.br\/index.php\/wp-json\/wp\/v2\/comments?post=55267"}],"version-history":[{"count":1,"href":"https:\/\/www.sincomam.org.br\/index.php\/wp-json\/wp\/v2\/posts\/55267\/revisions"}],"predecessor-version":[{"id":55276,"href":"https:\/\/www.sincomam.org.br\/index.php\/wp-json\/wp\/v2\/posts\/55267\/revisions\/55276"}],"wp:featuredmedia":[{"embeddable":true,"href":"https:\/\/www.sincomam.org.br\/index.php\/wp-json\/wp\/v2\/media\/55269"}],"wp:attachment":[{"href":"https:\/\/www.sincomam.org.br\/index.php\/wp-json\/wp\/v2\/media?parent=55267"}],"wp:term":[{"taxonomy":"category","embeddable":true,"href":"https:\/\/www.sincomam.org.br\/index.php\/wp-json\/wp\/v2\/categories?post=55267"},{"taxonomy":"post_tag","embeddable":true,"href":"https:\/\/www.sincomam.org.br\/index.php\/wp-json\/wp\/v2\/tags?post=55267"}],"curies":[{"name":"wp","href":"https:\/\/api.w.org\/{rel}","templated":true}]}}