{"id":55253,"date":"2024-11-08T11:40:42","date_gmt":"2024-11-08T14:40:42","guid":{"rendered":"http:\/\/www.sincomam.org.br\/?p=55253"},"modified":"2024-11-08T11:40:42","modified_gmt":"2024-11-08T14:40:42","slug":"projeto-mar-de-escolhas-inspira-alunos-para-carreiras-maritimas","status":"publish","type":"post","link":"https:\/\/www.sincomam.org.br\/index.php\/projeto-mar-de-escolhas-inspira-alunos-para-carreiras-maritimas\/","title":{"rendered":"Projeto \u201cMar de Escolhas\u201d inspira alunos para carreiras mar\u00edtimas"},"content":{"rendered":"<p>Com o objetivo de despertar o interesse dos jovens pelas carreiras mar\u00edtimas, a Funda\u00e7\u00e3o de Estudos do Mar (FEMAR), em parceria com o Centro de Comunica\u00e7\u00e3o Social da Marinha (CCSM), lan\u00e7ou mais uma edi\u00e7\u00e3o do projeto \u201cMar de Escolhas\u201d no Rio de Janeiro. A atividade, realizada na Escola Municipal Professora Zuleica Nunes de Alencar, contou com palestras e intera\u00e7\u00f5es que destacaram a import\u00e2ncia da Marinha para o pa\u00eds e as oportunidades no setor mar\u00edtimo.<\/p>\n<p><strong>O Projeto \u201cMar de Escolhas\u201d e seu Impacto Educacional<\/strong><\/p>\n<p>O projeto \u201cMar de Escolhas\u201d foi criado para conscientizar e orientar os jovens sobre as in\u00fameras possibilidades de carreiras ligadas ao setor mar\u00edtimo, desde a\u00a0Marinha do Brasil\u00a0at\u00e9 a Marinha Mercante. Com essa iniciativa, a FEMAR e o CCSM esperam estimular nos alunos o desenvolvimento de uma mentalidade mar\u00edtima, uma vis\u00e3o de mundo que valoriza o mar e suas atividades como fundamentais para o desenvolvimento sustent\u00e1vel e a soberania nacional.<\/p>\n<p>Al\u00e9m de oferecer uma perspectiva sobre as oportunidades de trabalho, o projeto busca construir uma base educacional s\u00f3lida, de modo que esses jovens possam se inspirar e considerar carreiras que v\u00e3o al\u00e9m do comum. A expectativa \u00e9 que o \u201cMar de Escolhas\u201d contribua para o futuro do setor mar\u00edtimo brasileiro ao motivar novos talentos a investirem nessa \u00e1rea essencial para a sociedade e economia do pa\u00eds.<\/p>\n<p><strong>Atividades e Participa\u00e7\u00e3o dos Alunos na Escola Municipal Professora Zuleica Nunes de Alencar<\/strong><\/p>\n<p>A edi\u00e7\u00e3o realizada na Escola Municipal Professora Zuleica Nunes de Alencar, no dia 31 de outubro, reuniu cerca de 250 alunos dos 8\u00ba e 9\u00ba anos. O evento contou com a presen\u00e7a do Diretor do CCSM, Contra-Almirante Alexandre Taumaturgo Alexandre Pavoni, que conduziu um quiz interativo para envolver os alunos e apresentar as diversas formas de ingresso na Marinha do\u00a0Brasil. A atividade permitiu que os estudantes conhecessem mais sobre a rotina e a import\u00e2ncia dos militares para a prote\u00e7\u00e3o e desenvolvimento do pa\u00eds.<\/p>\n<p>O Capit\u00e3o de Longo Curso Luiz Alberto Cristiano, instrutor da FEMAR, ressaltou as oportunidades de carreira na Marinha Mercante, destacando o papel da navega\u00e7\u00e3o comercial e da log\u00edstica mar\u00edtima para o com\u00e9rcio e a economia do Brasil. Priscilla Wandermurem, Gerente de Ensino da FEMAR, e Camila Nogueira, Assistente de Ensino, apresentaram os cursos que a Funda\u00e7\u00e3o oferece, incentivando os jovens a investirem em uma forma\u00e7\u00e3o profissional que valoriza o setor mar\u00edtimo e contribui para o desenvolvimento nacional.<\/p>\n<p><strong>A Import\u00e2ncia do Setor Mar\u00edtimo para a Sociedade e a Economia<\/strong><\/p>\n<p>O setor mar\u00edtimo \u00e9 um pilar essencial para a economia e a seguran\u00e7a do Brasil, um pa\u00eds com extensa costa e dependente das vias mar\u00edtimas para o com\u00e9rcio e o transporte de recursos naturais. Profiss\u00f5es ligadas ao mar t\u00eam impacto direto na economia e oferecem oportunidades de trabalho em \u00e1reas fundamentais, como a navega\u00e7\u00e3o, o com\u00e9rcio exterior, a explora\u00e7\u00e3o de recursos naturais e a defesa nacional.<\/p>\n<p>Al\u00e9m da relev\u00e2ncia econ\u00f4mica, o setor mar\u00edtimo \u00e9 crucial para a preserva\u00e7\u00e3o do meio ambiente e a sustentabilidade do planeta. Ao desenvolver uma mentalidade mar\u00edtima nos jovens, o projeto \u201cMar de Escolhas\u201d busca preparar futuras gera\u00e7\u00f5es para compreender e atuar na prote\u00e7\u00e3o dos oceanos e dos recursos marinhos, promovendo um futuro mais seguro e sustent\u00e1vel.<\/p>\n<p>Fonte: Defesa em Foco<\/p>\n","protected":false},"excerpt":{"rendered":"<p>Com o objetivo de despertar o interesse dos jovens pelas carreiras mar\u00edtimas, a Funda\u00e7\u00e3o de Estudos do Mar (FEMAR), em parceria com o Centro de&#8230;<\/p>\n","protected":false},"author":1527,"featured_media":55255,"comment_status":"closed","ping_status":"closed","sticky":false,"template":"","format":"standard","meta":{"footnotes":""},"categories":[6],"tags":[],"class_list":["post-55253","post","type-post","status-publish","format-standard","has-post-thumbnail","hentry","category-noticias"],"_links":{"self":[{"href":"https:\/\/www.sincomam.org.br\/index.php\/wp-json\/wp\/v2\/posts\/55253","targetHints":{"allow":["GET"]}}],"collection":[{"href":"https:\/\/www.sincomam.org.br\/index.php\/wp-json\/wp\/v2\/posts"}],"about":[{"href":"https:\/\/www.sincomam.org.br\/index.php\/wp-json\/wp\/v2\/types\/post"}],"author":[{"embeddable":true,"href":"https:\/\/www.sincomam.org.br\/index.php\/wp-json\/wp\/v2\/users\/1527"}],"replies":[{"embeddable":true,"href":"https:\/\/www.sincomam.org.br\/index.php\/wp-json\/wp\/v2\/comments?post=55253"}],"version-history":[{"count":1,"href":"https:\/\/www.sincomam.org.br\/index.php\/wp-json\/wp\/v2\/posts\/55253\/revisions"}],"predecessor-version":[{"id":55256,"href":"https:\/\/www.sincomam.org.br\/index.php\/wp-json\/wp\/v2\/posts\/55253\/revisions\/55256"}],"wp:featuredmedia":[{"embeddable":true,"href":"https:\/\/www.sincomam.org.br\/index.php\/wp-json\/wp\/v2\/media\/55255"}],"wp:attachment":[{"href":"https:\/\/www.sincomam.org.br\/index.php\/wp-json\/wp\/v2\/media?parent=55253"}],"wp:term":[{"taxonomy":"category","embeddable":true,"href":"https:\/\/www.sincomam.org.br\/index.php\/wp-json\/wp\/v2\/categories?post=55253"},{"taxonomy":"post_tag","embeddable":true,"href":"https:\/\/www.sincomam.org.br\/index.php\/wp-json\/wp\/v2\/tags?post=55253"}],"curies":[{"name":"wp","href":"https:\/\/api.w.org\/{rel}","templated":true}]}}