{"id":5525,"date":"2014-05-16T08:30:25","date_gmt":"2014-05-16T11:30:25","guid":{"rendered":"http:\/\/www.sincomam.org.br\/?p=5525"},"modified":"2014-05-16T00:35:09","modified_gmt":"2014-05-16T03:35:09","slug":"protestos-contra-a-copa-no-brasil-ganham-repercussao-em-jornais-e-revistas-no-exterior","status":"publish","type":"post","link":"https:\/\/www.sincomam.org.br\/index.php\/protestos-contra-a-copa-no-brasil-ganham-repercussao-em-jornais-e-revistas-no-exterior\/","title":{"rendered":"Protestos contra a Copa no Brasil ganham repercuss\u00e3o em jornais e revistas no exterior"},"content":{"rendered":"<p>Os protestos contra a realiza\u00e7\u00e3o da Copa do Mundo no Brasil ganharam repercuss\u00e3o internacional. A um m\u00eas dos jogos, a revista \u201cDer Spiegel\u201d, a mais importante da Alemanha e os sites do jornal \u201cEl Pa\u00eds\u201d, da Espanha, e da inglesa \u201cThe Economist\u201d, trazem reportagens sobre a insatisfa\u00e7\u00e3o dos brasileiros com a realiza\u00e7\u00e3o dos jogos.<\/p>\n<p>A mais contundente \u00e9 a reportagem da \u201cDer Spiegel\u201d, que traz em sua capa uma imagem da bola oficial do torneio caindo em chamas sobre o Rio de Janeiro. Em tr\u00eas reportagens, que somam dez p\u00e1ginas, o seman\u00e1rio apresenta um retrato dos atrasos em obras, da insatisfa\u00e7\u00e3o dos brasileiros com os altos custos do evento e dos prov\u00e1veis embates nas ruas das cidades-sede. Segundo o texto, assinado pelo jornalista alem\u00e3o Jens Gl\u00fcsing, justamente no pa\u00eds do futebol, a Copa do Mundo pode virar um fiasco por conta de \u201cprotestos, greves e tiroteios em vez de festa&#8221;.<\/p>\n<p>O jornalista faz um retrato sombrio da situa\u00e7\u00e3o do Brasil \u00e0s v\u00e9speras da Copa. E diz que, enquanto os alem\u00e3es est\u00e3o comprando camisas da sua sele\u00e7\u00e3o, \u201cnas favelas do Rio, policiais e traficantes se enfrentam de maneira sangrenta. Em S\u00e3o Paulo, gangues queimam \u00f4nibus quase todas as noites\u201d, afirma. A \u201cDer Spiegel\u201d indaga ainda se o pa\u00eds viver\u00e1 uma onda de viol\u00eancia caso a sele\u00e7\u00e3o brasileira n\u00e3o ganhe: &#8220;Os jogos v\u00e3o terminar em pancadaria nas ruas? Pol\u00edticos e funcion\u00e1rios da Fifa ser\u00e3o perseguidos por uma multid\u00e3o enfurecida?&#8221;<\/p>\n<p>A revista ressalta os valores gastos com a constru\u00e7\u00e3o de novos est\u00e1dios, &#8220;cerca de 2,7 bilh\u00f5es de euros (&#8230;), talvez at\u00e9 mais, ningu\u00e9m sabe ao certo&#8221;, e n\u00e3o poupa sequer o Maracan\u00e3. Apontado como um s\u00edmbolo contra o racismo e a ditadura, o est\u00e1dio \u00e9 descrito agora como um shopping center com grama no meio. \u201cOs franceses tinham a Torre Eiffel. Os americanos, a Est\u00e1tua da Liberdade. Os brasileiros, o Maracan\u00e3.&#8221;<\/p>\n<p><strong>\u201cThe Economist\u201d diz que Brasil \u00e9 pa\u00eds do improviso<\/strong><\/p>\n<p>O site da \u201cThe Economist\u201d diz que a Copa mostra que o improviso ainda \u00e9 uma marca do Brasil e que, a menos de um m\u00eas dos jogos, os organizadores ainda lutam para ter tudo pronto a tempo. Ele cita que, no Aeroporto de Guarulhos, em S\u00e3o Paulo, por exemplo, um novo terminal foi aberto, mas somente oito companhias a\u00e9reas v\u00e3o utiliz\u00e1-lo, e n\u00e3o as 25 previstas. O site tamb\u00e9m diz que o secret\u00e1rio-geral da Fifa, J\u00e9rome Valcke, descreveu que lidar com autoridades brasileiras \u00e9 infernal.<\/p>\n<p>O espanhol \u201cEl Pa\u00eds\u201d tamb\u00e9m publica no seu site uma reportagem sobre a insatisfa\u00e7\u00e3o dos brasileiros com a Copa. Sem falar das manifesta\u00e7\u00f5es que acontecem hoje no pa\u00eds, o jornal cita uma pesquisa, publicada na semana passada pela Unicarioca, que mostra que somente 55% da popula\u00e7\u00e3o do Rio de Janeiro apoiar\u00e1 a sele\u00e7\u00e3o brasileira durante os jogos.<\/p>\n<p>Os protestos contra a realiza\u00e7\u00e3o da Copa do Mundo, que acontecem desde a manh\u00e3 desta quinta-feira em cidades-sede dos jogos no pa\u00eds, tamb\u00e9m ganharam destaque. O site do jornal \u201cThe New York Times\u201d publicou uma reportagem, com o t\u00edtulo \u201cOnda de protestos contra o governo come\u00e7a no Brasil\u201d, dizendo que pneus foram furados e avenidas bloqueadas em manifesta\u00e7\u00f5es que tentam chamar a aten\u00e7\u00e3o para os problemas de habita\u00e7\u00e3o e educa\u00e7\u00e3o, \u00e0s v\u00e9speras da competi\u00e7\u00e3o.<\/p>\n<p>O jornal argentino \u201cEl Clar\u00edn\u201d tamb\u00e9m destacou as manifesta\u00e7\u00f5es em seis cidades brasileiras durante a manh\u00e3. Segundo a reportagem, S\u00e3o Paulo, Rio de Janeiro, Belo Horizonte, Porto Alegre, Salvador e Fortaleza tiveram ruas bloqueadas por ativistas que reivindicavam \u201cUm dia de luta contra a Copa\u201d. O site do jornal destaca que os manifestantes t\u00eam demandas diversas, mas que todos s\u00e3o contr\u00e1rios aos gastos p\u00fablicos com o Mundial. De acordo com o jornal, a Copa era vista pelo governo Dilma Rousseff como uma forma de desenvolver e ampliar uma infraestrutura urbana que requeria interven\u00e7\u00f5es urgentes. At\u00e9 agora, por\u00e9m, ela n\u00e3o teria trazido os benef\u00edcios econ\u00f4micos esperados.<\/p>\n","protected":false},"excerpt":{"rendered":"<p>Os protestos contra a realiza\u00e7\u00e3o da Copa do Mundo no Brasil ganharam repercuss\u00e3o internacional. A um m\u00eas dos jogos, a revista \u201cDer Spiegel\u201d, a mais&#8230;<\/p>\n","protected":false},"author":1182,"featured_media":5526,"comment_status":"closed","ping_status":"closed","sticky":false,"template":"","format":"standard","meta":{"footnotes":""},"categories":[6],"tags":[137,92,1205,1203,1204,928],"class_list":["post-5525","post","type-post","status-publish","format-standard","has-post-thumbnail","hentry","category-noticias","tag-copa","tag-internacional","tag-jornais","tag-protestos","tag-revolta","tag-torcedores"],"_links":{"self":[{"href":"https:\/\/www.sincomam.org.br\/index.php\/wp-json\/wp\/v2\/posts\/5525","targetHints":{"allow":["GET"]}}],"collection":[{"href":"https:\/\/www.sincomam.org.br\/index.php\/wp-json\/wp\/v2\/posts"}],"about":[{"href":"https:\/\/www.sincomam.org.br\/index.php\/wp-json\/wp\/v2\/types\/post"}],"author":[{"embeddable":true,"href":"https:\/\/www.sincomam.org.br\/index.php\/wp-json\/wp\/v2\/users\/1182"}],"replies":[{"embeddable":true,"href":"https:\/\/www.sincomam.org.br\/index.php\/wp-json\/wp\/v2\/comments?post=5525"}],"version-history":[{"count":1,"href":"https:\/\/www.sincomam.org.br\/index.php\/wp-json\/wp\/v2\/posts\/5525\/revisions"}],"predecessor-version":[{"id":5527,"href":"https:\/\/www.sincomam.org.br\/index.php\/wp-json\/wp\/v2\/posts\/5525\/revisions\/5527"}],"wp:featuredmedia":[{"embeddable":true,"href":"https:\/\/www.sincomam.org.br\/index.php\/wp-json\/wp\/v2\/media\/5526"}],"wp:attachment":[{"href":"https:\/\/www.sincomam.org.br\/index.php\/wp-json\/wp\/v2\/media?parent=5525"}],"wp:term":[{"taxonomy":"category","embeddable":true,"href":"https:\/\/www.sincomam.org.br\/index.php\/wp-json\/wp\/v2\/categories?post=5525"},{"taxonomy":"post_tag","embeddable":true,"href":"https:\/\/www.sincomam.org.br\/index.php\/wp-json\/wp\/v2\/tags?post=5525"}],"curies":[{"name":"wp","href":"https:\/\/api.w.org\/{rel}","templated":true}]}}