{"id":55247,"date":"2024-11-08T11:38:43","date_gmt":"2024-11-08T14:38:43","guid":{"rendered":"http:\/\/www.sincomam.org.br\/?p=55247"},"modified":"2024-11-08T11:51:26","modified_gmt":"2024-11-08T14:51:26","slug":"riscos-aos-cabos-submarinos-em-fortaleza-mobilizam-autoridades-e-especialistas","status":"publish","type":"post","link":"https:\/\/www.sincomam.org.br\/index.php\/riscos-aos-cabos-submarinos-em-fortaleza-mobilizam-autoridades-e-especialistas\/","title":{"rendered":"Riscos aos cabos submarinos em Fortaleza mobilizam autoridades e especialistas"},"content":{"rendered":"<p>Durante o evento Cyber.Gov, o presidente da Anatel, Carlos Baigorri, alertou para os riscos enfrentados pelos cabos submarinos na Praia do Futuro, em Fortaleza, e refor\u00e7ou a necessidade de uma \u00e1rea de prote\u00e7\u00e3o para garantir a continuidade da conectividade entre a Am\u00e9rica do Sul e outros continentes. Com recentes projetos na \u00e1rea, autoridades buscam equilibrar desenvolvimento e seguran\u00e7a.<\/p>\n<h3>Import\u00e2ncia e Vulnerabilidade dos Cabos Submarinos na Praia do Futuro<\/h3>\n<p>A Praia do Futuro, em Fortaleza, abriga um dos mais importantes hubs de cabos submarinos da Am\u00e9rica Latina, garantindo a conectividade do\u00a0Brasil\u00a0com regi\u00f5es como Am\u00e9rica do Norte, Europa, \u00c1frica e Am\u00e9rica Central. Essa infraestrutura \u00e9 vital para a estabilidade das telecomunica\u00e7\u00f5es no continente, mas sua localiza\u00e7\u00e3o em uma \u00e1rea de grande movimenta\u00e7\u00e3o urbana e tur\u00edstica torna os cabos vulner\u00e1veis a interfer\u00eancias e danos, o que poderia comprometer a transmiss\u00e3o de dados em escala continental.<\/p>\n<p>O presidente da Anatel, Carlos Baigorri, destacou que essa estrutura de cabos \u00e9 uma \u201cinfraestrutura cr\u00edtica\u201d e que sua preserva\u00e7\u00e3o \u00e9 essencial para manter a conectividade e seguran\u00e7a de informa\u00e7\u00f5es entre continentes. Qualquer dano a esses cabos, segundo especialistas, poderia trazer s\u00e9rios preju\u00edzos \u00e0 economia e \u00e0 seguran\u00e7a nacional, impactando desde o fluxo de comunica\u00e7\u00f5es at\u00e9 o funcionamento de servi\u00e7os essenciais que dependem da internet.<\/p>\n<h3>Propostas de Prote\u00e7\u00e3o para a Infraestrutura Cr\u00edtica<\/h3>\n<p>Para garantir a integridade dos cabos submarinos, a Anatel prop\u00f4s a cria\u00e7\u00e3o de uma \u00e1rea de prote\u00e7\u00e3o ao redor do hub, com uma s\u00e9rie de medidas de seguran\u00e7a f\u00edsica e cibern\u00e9tica. Sugest\u00f5es como patrulhamento e a poss\u00edvel militariza\u00e7\u00e3o da \u00e1rea t\u00eam sido discutidas, al\u00e9m de iniciativas para refor\u00e7ar a seguran\u00e7a digital, com a instala\u00e7\u00e3o de sistemas de firewall e criptografia de dados para evitar intercepta\u00e7\u00f5es e ataques cibern\u00e9ticos.<\/p>\n<p>Outros especialistas sugerem medidas preventivas, como auditorias de seguran\u00e7a e a cria\u00e7\u00e3o de redund\u00e2ncias de rota para minimizar os efeitos de qualquer dano eventual. Essas rotas alternativas poderiam evitar um apag\u00e3o de internet no caso de uma interrup\u00e7\u00e3o nos cabos principais. Fabio Andrade, vice-presidente de rela\u00e7\u00f5es institucionais da Claro, defendeu a import\u00e2ncia de isolar a \u00e1rea para evitar constru\u00e7\u00f5es urbanas que possam amea\u00e7ar os cabos. Ele destacou que uma vis\u00e3o estrat\u00e9gica de prote\u00e7\u00e3o militar poderia assegurar a seguran\u00e7a da infraestrutura.<\/p>\n<h3>Perspectivas para o Desenvolvimento e Sustentabilidade do Hub<\/h3>\n<p>Ao mesmo tempo, a Praia do Futuro \u00e9 alvo de novos projetos de desenvolvimento, como a Zona de Processamento de Exporta\u00e7\u00e3o (ZPE) e o segundo data center da empresa V.tal, inaugurado em outubro. Embora essas iniciativas busquem promover o crescimento econ\u00f4mico e tecnol\u00f3gico, autoridades e especialistas alertam para a necessidade de compatibilizar o desenvolvimento com a prote\u00e7\u00e3o da infraestrutura de telecomunica\u00e7\u00f5es.<\/p>\n<p>O professor Jo\u00e3o Henrique Corr\u00eaa, da Universidade Federal do Cear\u00e1, destacou que, al\u00e9m da seguran\u00e7a dos cabos, \u00e9 importante que a conviv\u00eancia entre a ocupa\u00e7\u00e3o urbana e o hub de cabos seja bem planejada. Ele observou que a escolha estrat\u00e9gica de Fortaleza se deve \u00e0 qualifica\u00e7\u00e3o da m\u00e3o de obra local e \u00e0 infraestrutura da cidade, ressaltando que o desafio est\u00e1 em manter essa conviv\u00eancia sem comprometer a opera\u00e7\u00e3o dos cabos submarinos, essenciais para a conectividade do Brasil e da Am\u00e9rica do Sul.<\/p>\n<p>Fonte: Defesa em Foco<\/p>\n","protected":false},"excerpt":{"rendered":"<p>Durante o evento Cyber.Gov, o presidente da Anatel, Carlos Baigorri, alertou para os riscos enfrentados pelos cabos submarinos na Praia do Futuro, em Fortaleza, e&#8230;<\/p>\n","protected":false},"author":1527,"featured_media":55262,"comment_status":"closed","ping_status":"closed","sticky":false,"template":"","format":"standard","meta":{"footnotes":""},"categories":[6],"tags":[],"class_list":["post-55247","post","type-post","status-publish","format-standard","has-post-thumbnail","hentry","category-noticias"],"_links":{"self":[{"href":"https:\/\/www.sincomam.org.br\/index.php\/wp-json\/wp\/v2\/posts\/55247","targetHints":{"allow":["GET"]}}],"collection":[{"href":"https:\/\/www.sincomam.org.br\/index.php\/wp-json\/wp\/v2\/posts"}],"about":[{"href":"https:\/\/www.sincomam.org.br\/index.php\/wp-json\/wp\/v2\/types\/post"}],"author":[{"embeddable":true,"href":"https:\/\/www.sincomam.org.br\/index.php\/wp-json\/wp\/v2\/users\/1527"}],"replies":[{"embeddable":true,"href":"https:\/\/www.sincomam.org.br\/index.php\/wp-json\/wp\/v2\/comments?post=55247"}],"version-history":[{"count":1,"href":"https:\/\/www.sincomam.org.br\/index.php\/wp-json\/wp\/v2\/posts\/55247\/revisions"}],"predecessor-version":[{"id":55250,"href":"https:\/\/www.sincomam.org.br\/index.php\/wp-json\/wp\/v2\/posts\/55247\/revisions\/55250"}],"wp:featuredmedia":[{"embeddable":true,"href":"https:\/\/www.sincomam.org.br\/index.php\/wp-json\/wp\/v2\/media\/55262"}],"wp:attachment":[{"href":"https:\/\/www.sincomam.org.br\/index.php\/wp-json\/wp\/v2\/media?parent=55247"}],"wp:term":[{"taxonomy":"category","embeddable":true,"href":"https:\/\/www.sincomam.org.br\/index.php\/wp-json\/wp\/v2\/categories?post=55247"},{"taxonomy":"post_tag","embeddable":true,"href":"https:\/\/www.sincomam.org.br\/index.php\/wp-json\/wp\/v2\/tags?post=55247"}],"curies":[{"name":"wp","href":"https:\/\/api.w.org\/{rel}","templated":true}]}}