{"id":55239,"date":"2024-11-08T11:33:54","date_gmt":"2024-11-08T14:33:54","guid":{"rendered":"http:\/\/www.sincomam.org.br\/?p=55239"},"modified":"2024-11-08T11:33:54","modified_gmt":"2024-11-08T14:33:54","slug":"mpor-firma-acordo-para-fortalecer-politicas-sustentaveis-em-infraestrutura","status":"publish","type":"post","link":"https:\/\/www.sincomam.org.br\/index.php\/mpor-firma-acordo-para-fortalecer-politicas-sustentaveis-em-infraestrutura\/","title":{"rendered":"MPor firma acordo para fortalecer pol\u00edticas sustent\u00e1veis em infraestrutura"},"content":{"rendered":"<p>O Minist\u00e9rio de Portos e Aeroportos (MPor) firmou, nesta quinta-feira (7), um acordo de coopera\u00e7\u00e3o t\u00e9cnica com o MoveInfra, movimento que re\u00fane seis grandes empresas de infraestrutura do Brasil: CCR, EcoRodovias, Hidrovias do Brasil, Rumo, Santos Brasil e Ultracargo. O acordo foi assinado na abertura do evento &#8220;30 anos da Lei de Concess\u00f5es &#8211; Avan\u00e7os e Perspectivas&#8221;, realizado em Bras\u00edlia. A coopera\u00e7\u00e3o visa fortalecer a\u00e7\u00f5es conjuntas para desenvolver e promover pol\u00edticas sustent\u00e1veis nos setores portu\u00e1rio e aeroportu\u00e1rio.<\/p>\n<p>O acordo inclui atividades como troca de dados e informa\u00e7\u00f5es, elabora\u00e7\u00e3o de estudos e relat\u00f3rios sobre pr\u00e1ticas sustent\u00e1veis e participa\u00e7\u00e3o em workshops, miss\u00f5es, consultas e audi\u00eancias p\u00fablicas, focando na pol\u00edtica de sustentabilidade. Durante o evento, o ministro de portos e aeroportos, Silvio Costa Filho, destacou o crescimento e moderniza\u00e7\u00e3o dos setores portu\u00e1rio e aeroportu\u00e1rio no Brasil, com 45 leil\u00f5es realizados entre 2010 e 2022 e a previs\u00e3o de mais 50 leil\u00f5es at\u00e9 2026. Em dezembro, ser\u00e1 realizado o certame para o arrendamento do ITG 02 no Rio de Janeiro, com expectativa de alcan\u00e7ar at\u00e9 R$ 4 bilh\u00f5es.<\/p>\n<p>O minist\u00e9rio tamb\u00e9m est\u00e1 conduzindo uma agenda de sustentabilidade focada na transi\u00e7\u00e3o energ\u00e9tica, com vistas a atrair investidores internacionais. Entre as obras estrat\u00e9gicas, est\u00e3o o T\u00fanel de Santos e dragagens em diversos estados, al\u00e9m de moderniza\u00e7\u00f5es para aumentar a competitividade internacional dos portos. O evento &#8220;MoveInfra: 30 anos da Lei de Concess\u00f5es &#8211; avan\u00e7os e perspectivas&#8221; reuniu especialistas para discutir os impactos das concess\u00f5es no Brasil desde a promulga\u00e7\u00e3o da Lei 8.987 de 1995.<\/p>\n<p>Fonte: Portos e Navios<\/p>\n","protected":false},"excerpt":{"rendered":"<p>O Minist\u00e9rio de Portos e Aeroportos (MPor) firmou, nesta quinta-feira (7), um acordo de coopera\u00e7\u00e3o t\u00e9cnica com o MoveInfra, movimento que re\u00fane seis grandes empresas&#8230;<\/p>\n","protected":false},"author":1527,"featured_media":55241,"comment_status":"closed","ping_status":"closed","sticky":false,"template":"","format":"standard","meta":{"footnotes":""},"categories":[6],"tags":[],"class_list":["post-55239","post","type-post","status-publish","format-standard","has-post-thumbnail","hentry","category-noticias"],"_links":{"self":[{"href":"https:\/\/www.sincomam.org.br\/index.php\/wp-json\/wp\/v2\/posts\/55239","targetHints":{"allow":["GET"]}}],"collection":[{"href":"https:\/\/www.sincomam.org.br\/index.php\/wp-json\/wp\/v2\/posts"}],"about":[{"href":"https:\/\/www.sincomam.org.br\/index.php\/wp-json\/wp\/v2\/types\/post"}],"author":[{"embeddable":true,"href":"https:\/\/www.sincomam.org.br\/index.php\/wp-json\/wp\/v2\/users\/1527"}],"replies":[{"embeddable":true,"href":"https:\/\/www.sincomam.org.br\/index.php\/wp-json\/wp\/v2\/comments?post=55239"}],"version-history":[{"count":1,"href":"https:\/\/www.sincomam.org.br\/index.php\/wp-json\/wp\/v2\/posts\/55239\/revisions"}],"predecessor-version":[{"id":55242,"href":"https:\/\/www.sincomam.org.br\/index.php\/wp-json\/wp\/v2\/posts\/55239\/revisions\/55242"}],"wp:featuredmedia":[{"embeddable":true,"href":"https:\/\/www.sincomam.org.br\/index.php\/wp-json\/wp\/v2\/media\/55241"}],"wp:attachment":[{"href":"https:\/\/www.sincomam.org.br\/index.php\/wp-json\/wp\/v2\/media?parent=55239"}],"wp:term":[{"taxonomy":"category","embeddable":true,"href":"https:\/\/www.sincomam.org.br\/index.php\/wp-json\/wp\/v2\/categories?post=55239"},{"taxonomy":"post_tag","embeddable":true,"href":"https:\/\/www.sincomam.org.br\/index.php\/wp-json\/wp\/v2\/tags?post=55239"}],"curies":[{"name":"wp","href":"https:\/\/api.w.org\/{rel}","templated":true}]}}