{"id":55226,"date":"2024-11-07T09:20:31","date_gmt":"2024-11-07T12:20:31","guid":{"rendered":"http:\/\/www.sincomam.org.br\/?p=55226"},"modified":"2024-11-07T09:20:31","modified_gmt":"2024-11-07T12:20:31","slug":"2024-esta-prestes-a-ser-o-primeiro-ano-a-superar-o-limite-historico-de-15oc-de-aquecimento","status":"publish","type":"post","link":"https:\/\/www.sincomam.org.br\/index.php\/2024-esta-prestes-a-ser-o-primeiro-ano-a-superar-o-limite-historico-de-15oc-de-aquecimento\/","title":{"rendered":"2024 est\u00e1 prestes a ser o primeiro ano a superar o limite hist\u00f3rico de 1,5\u00baC de aquecimento"},"content":{"rendered":"<p>\u00c9 praticamente certo que o mundo vivenciar\u00e1 novamente um ano mais quente j\u00e1 registrado e o primeiro em que a temperatura m\u00e9dia global ficar\u00e1 mais de 1,5\u00b0C acima dos n\u00edveis pr\u00e9-industriais, apontam dados do Servi\u00e7o de Mudan\u00e7a Clim\u00e1tica do observat\u00f3rio europeu Copernicus (C3S).<\/p>\n<p>Aliado a isso, tamb\u00e9m j\u00e1 \u00e9 poss\u00edvel dizer que outubro de 2024 ficou 1,65\u00b0C acima do n\u00edvel pr\u00e9-industrial, marcando o 15\u00ba m\u00eas em 16 meses em que a temperatura m\u00e9dia global superou 1,5\u00b0C acima dos n\u00edveis pr\u00e9-industriais. O dado considera a temperatura m\u00e9dia do ar no planeta.<\/p>\n<p>Desde junho de 2023, o mundo vem registrando quase que um m\u00eas mais quente na sequ\u00eancia do outro, dado que cientistas e autoridades destacam para apontar que vivemos uma emerg\u00eancia clim\u00e1tica. Somente julho, setembro e outubro de 2024 n\u00e3o superaram esse recorde (agosto de 2024 empatou com agosto de 2023).<\/p>\n<p>Ainda de acordo com o observat\u00f3rio europeu, outubro de 2024 foi o segundo outubro mais quente j\u00e1 registrado globalmente porque teve uma temperatura m\u00e9dia do ar de superf\u00edcie 0,80\u00b0C acima da m\u00e9dia de outubro de 1991-2020.<\/p>\n<p> Os cientistas chamam isso de anomalia de temperatura. Em outras palavras, \u00e9 um indicador que mostra quanto a temperatura se desvia de uma determinada m\u00e9dia hist\u00f3rica.<\/p>\n<p>Essas datas s\u00e3o usadas como refer\u00eancia porque esse per\u00edodo representa um \u201cponto m\u00e9dio\u201d do aumento da temperatura global, ou seja, o intervalo logo antes das mudan\u00e7as clim\u00e1ticas se tornarem mais intensas e evidentes.<\/p>\n<p>Al\u00e9m disso, a temperatura m\u00e9dia global nos \u00faltimos doze meses (novembro de 2023 &#8211; outubro de 2024) est\u00e1 1,62\u00b0C acima da m\u00e9dia pr\u00e9-industrial de 1850-1900.<\/p>\n<p>E de janeiro a outubro de 2024, a anomalia da temperatura global foi de 0,71\u00b0C acima da m\u00e9dia de 1991-2020, o que faz de 2024 quase certamente o ano mais quente j\u00e1 registrado.<\/p>\n<div id=\"chunk-9qb1l\">\n<div class=\"mc-column content-text active-extra-styles\" data-block-type=\"raw\" data-block-weight=\"3\" data-block-id=\"14\">\n<div class=\"content-intertitle\">\n<h2>Lista de recordes<\/h2>\n<\/div>\n<p>A marca de temperatura de agosto se soma \u00e0 lista de recordes globais de calor neste e no \u00faltimo ano:<\/p>\n<\/div>\n<\/div>\n<div id=\"chunk-3fnaf\">\n<div class=\"mc-column content-text active-extra-styles\" data-block-type=\"raw\" data-block-weight=\"119\" data-block-id=\"16\">\n<ul class=\"content-unordered-list\">\n<li>Primeiro, o planeta registrou em 2023 o m\u00eas de\u00a0junho mais quente da hist\u00f3ria &#8211; at\u00e9 ent\u00e3o.<\/li>\n<li>Depois, a marca foi sendo quebrada a cada novo m\u00eas:\u00a0julho,\u00a0agosto,\u00a0setembro,\u00a0outubro, novembro, dezembro, janeiro, fevereiro, mar\u00e7o, abril, maio, junho de novo e agora agosto.<\/li>\n<li>Al\u00e9m disso, o n\u00famero de dias que\u00a0ultrapassou o limiar de\u00a0aquecimento politicamente significativo de 1,5\u00baC\u00a0j\u00e1 atingiu um novo m\u00e1ximo;<\/li>\n<li>E, para piorar, pela 1\u00aa vez, o mundo registrou um dia com a\u00a0temperatura m\u00e9dia global 2\u00b0C acima da era pr\u00e9-industrial.<\/li>\n<li>Fora tudo isso, julho de 2023 foi t\u00e3o quente\u00a0que pode ter sido o m\u00eas mais quente em 120 mil anos, enquanto as temperaturas m\u00e9dias de setembro quebraram o recorde anterior em 0,5\u00b0C.<\/li>\n<\/ul>\n<div id=\"chunk-c1d2i\">\n<div class=\"mc-column content-text active-extra-styles\" data-block-type=\"raw\" data-block-weight=\"4\" data-block-id=\"18\">\n<div class=\"content-intertitle\">\n<h2>Caos clim\u00e1tico em gr\u00e1ficos<\/h2>\n<\/div>\n<p>Em 2024 ainda est\u00e1 longe de terminar, mas um conjunto de gr\u00e1ficos atualizados com os dados mais recentes dispon\u00edveis gritam que o ano ser\u00e1 marcante na trajet\u00f3ria da emerg\u00eancia clim\u00e1tica.<\/p>\n<\/div>\n<\/div>\n<div id=\"chunk-64f57\">\n<div class=\"mc-column content-text active-extra-styles \" data-block-type=\"unstyled\" data-block-weight=\"39\" data-block-id=\"20\">\n<p class=\" content-text__container \" data-track-category=\"Link no Texto\" data-track-links=\"\" data-mrf-recirculation=\"Artigo - Links Texto\">Temperatura da superf\u00edcie do mar:\u00a0maio \u00e9 o d\u00e9cimo terceiro m\u00eas consecutivo em que a temperatura da superf\u00edcie do mar tem sido a mais quente nos registros de dados do observat\u00f3rio europeu Copernicus para o respectivo m\u00eas do ano.<\/p>\n<p data-track-category=\"Link no Texto\" data-track-links=\"\" data-mrf-recirculation=\"Artigo - Links Texto\"><strong>Degelo no \u00c1rtico:<\/strong>\u00a0as altas temperaturas contribuem para uma das menores extens\u00f5es de gelo marinho j\u00e1 observadas na regi\u00e3o: cobertura est\u00e1 abaixo do registrado em maio de 2012, sugerindo a possibilidade de um novo recorde m\u00ednimo este ano.<\/p>\n<p data-track-category=\"Link no Texto\" data-track-links=\"\" data-mrf-recirculation=\"Artigo - Links Texto\"><strong>Listras do aquecimento global:\u00a0<\/strong>esse gr\u00e1fico foi criado pelo cientista clim\u00e1tico Ed Hawkins, da Universidade de Reading, no Reino Unido. Ele foi apresentado publicamente pela primeira vez em 2018 e mostra o aumento da temperatura global desde a Revolu\u00e7\u00e3o Industrial. E em 2023, as temperaturas foram t\u00e3o altas que ultrapassaram a escala de representa\u00e7\u00e3o das listras do aquecimento.<\/p>\n<div id=\"chunk-57hj2\">\n<div class=\"mc-column content-text active-extra-styles \" data-block-type=\"unstyled\" data-block-weight=\"31\" data-block-id=\"27\">\n<p class=\" content-text__container \" data-track-category=\"Link no Texto\" data-track-links=\"\" data-mrf-recirculation=\"Artigo - Links Texto\"><strong>Consumo de combust\u00edveis f\u00f3sseis:\u00a0<\/strong>quando queimamos combust\u00edveis f\u00f3sseis liberamos na nossa atmosfera quantidades significativas de di\u00f3xido de carbono (CO2), o principal g\u00e1s do efeito estufa, que absorve e irradia calor.<\/p>\n<\/div>\n<\/div>\n<div id=\"chunk-ag0k6\">\n<div class=\"mc-column content-text active-extra-styles \" data-block-type=\"unstyled\" data-block-weight=\"28\" data-block-id=\"28\">\n<p class=\" content-text__container \" data-track-category=\"Link no Texto\" data-track-links=\"\" data-mrf-recirculation=\"Artigo - Links Texto\">Desde a Revolu\u00e7\u00e3o Industrial no s\u00e9culo XVIII, quando passamos a queimar grandes quantidades de combust\u00edveis f\u00f3sseis, esta instabilidade est\u00e1 em um curso cada vez mais perigoso.<\/p>\n<p data-track-category=\"Link no Texto\" data-track-links=\"\" data-mrf-recirculation=\"Artigo - Links Texto\">Fonte: G1<\/p>\n<\/div>\n<\/div>\n<\/div>\n<\/div>\n<\/div>\n<\/div>\n","protected":false},"excerpt":{"rendered":"<p>\u00c9 praticamente certo que o mundo vivenciar\u00e1 novamente um ano mais quente j\u00e1 registrado e o primeiro em que a temperatura m\u00e9dia global ficar\u00e1 mais&#8230;<\/p>\n","protected":false},"author":1527,"featured_media":55228,"comment_status":"closed","ping_status":"closed","sticky":false,"template":"","format":"standard","meta":{"footnotes":""},"categories":[6],"tags":[],"class_list":["post-55226","post","type-post","status-publish","format-standard","has-post-thumbnail","hentry","category-noticias"],"_links":{"self":[{"href":"https:\/\/www.sincomam.org.br\/index.php\/wp-json\/wp\/v2\/posts\/55226","targetHints":{"allow":["GET"]}}],"collection":[{"href":"https:\/\/www.sincomam.org.br\/index.php\/wp-json\/wp\/v2\/posts"}],"about":[{"href":"https:\/\/www.sincomam.org.br\/index.php\/wp-json\/wp\/v2\/types\/post"}],"author":[{"embeddable":true,"href":"https:\/\/www.sincomam.org.br\/index.php\/wp-json\/wp\/v2\/users\/1527"}],"replies":[{"embeddable":true,"href":"https:\/\/www.sincomam.org.br\/index.php\/wp-json\/wp\/v2\/comments?post=55226"}],"version-history":[{"count":1,"href":"https:\/\/www.sincomam.org.br\/index.php\/wp-json\/wp\/v2\/posts\/55226\/revisions"}],"predecessor-version":[{"id":55229,"href":"https:\/\/www.sincomam.org.br\/index.php\/wp-json\/wp\/v2\/posts\/55226\/revisions\/55229"}],"wp:featuredmedia":[{"embeddable":true,"href":"https:\/\/www.sincomam.org.br\/index.php\/wp-json\/wp\/v2\/media\/55228"}],"wp:attachment":[{"href":"https:\/\/www.sincomam.org.br\/index.php\/wp-json\/wp\/v2\/media?parent=55226"}],"wp:term":[{"taxonomy":"category","embeddable":true,"href":"https:\/\/www.sincomam.org.br\/index.php\/wp-json\/wp\/v2\/categories?post=55226"},{"taxonomy":"post_tag","embeddable":true,"href":"https:\/\/www.sincomam.org.br\/index.php\/wp-json\/wp\/v2\/tags?post=55226"}],"curies":[{"name":"wp","href":"https:\/\/api.w.org\/{rel}","templated":true}]}}