{"id":55183,"date":"2024-11-06T06:00:15","date_gmt":"2024-11-06T09:00:15","guid":{"rendered":"http:\/\/www.sincomam.org.br\/?p=55183"},"modified":"2024-11-05T23:49:38","modified_gmt":"2024-11-06T02:49:38","slug":"fgv-e-marinha-realizam-seminario-sobre-inovacao-no-enfrentamento-de-desastres-naturais","status":"publish","type":"post","link":"https:\/\/www.sincomam.org.br\/index.php\/fgv-e-marinha-realizam-seminario-sobre-inovacao-no-enfrentamento-de-desastres-naturais\/","title":{"rendered":"FGV e Marinha realizam semin\u00e1rio sobre inova\u00e7\u00e3o no enfrentamento de desastres naturais"},"content":{"rendered":"<p>No dia 12 de novembro, a Funda\u00e7\u00e3o Get\u00falio Vargas (FGV), em parceria com a Marinha do Brasil, promover\u00e1 o semin\u00e1rio \u201cA Tripla H\u00e9lice como condutora de solu\u00e7\u00f5es inovadoras para enfrentamento de desastres naturais\u201d. O evento, que ocorrer\u00e1 no Centro Cultural FGV, no Rio de Janeiro, reunir\u00e1 lideran\u00e7as do governo, academia e setor produtivo para debater como o modelo da Tripla H\u00e9lice pode impulsionar solu\u00e7\u00f5es tecnol\u00f3gicas e pol\u00edticas p\u00fablicas voltadas para a gest\u00e3o de riscos e resposta a desastres naturais. A iniciativa visa fortalecer parcerias estrat\u00e9gicas e construir um ecossistema de inova\u00e7\u00e3o resiliente frente \u00e0s mudan\u00e7as clim\u00e1ticas.<\/p>\n<p><strong>A Tripla H\u00e9lice: inova\u00e7\u00e3o e resili\u00eancia no enfrentamento de desastres naturais<\/strong><\/p>\n<p>O semin\u00e1rio abordar\u00e1 o modelo da Tripla H\u00e9lice, que promove a intera\u00e7\u00e3o entre governo, academia e setor produtivo para a cria\u00e7\u00e3o de pol\u00edticas p\u00fablicas e tecnologias inovadoras. A proposta \u00e9 desenvolver solu\u00e7\u00f5es conjuntas para mitigar os impactos de eventos clim\u00e1ticos extremos, que t\u00eam se tornado cada vez mais frequentes e intensos. Durante o evento, especialistas explorar\u00e3o a import\u00e2ncia de um ecossistema de inova\u00e7\u00e3o colaborativo, que possa responder com agilidade e efici\u00eancia a situa\u00e7\u00f5es de risco. O Almirante de Esquadra Carlos Chagas Vianna Braga, comandante-geral do Corpo de\u00a0Fuzileiros Navais, e outras autoridades participar\u00e3o das discuss\u00f5es sobre a contribui\u00e7\u00e3o da Marinha no controle de danos em desastres naturais.<\/p>\n<p>Os organizadores enfatizam que o evento representa uma oportunidade de interc\u00e2mbio de experi\u00eancias e conhecimento, reunindo palestras e pain\u00e9is de especialistas no campo da ci\u00eancia, tecnologia e seguran\u00e7a. Temas como a atua\u00e7\u00e3o dos Fuzileiros Navais no controle de desastres, os desafios impostos pelas mudan\u00e7as clim\u00e1ticas e as experi\u00eancias internacionais com o modelo da Tripla H\u00e9lice ser\u00e3o explorados, apontando novas dire\u00e7\u00f5es para o desenvolvimento de pol\u00edticas p\u00fablicas inovadoras.<\/p>\n<p><strong>Programa\u00e7\u00e3o e convidados de destaque<\/strong><\/p>\n<p>Com uma programa\u00e7\u00e3o rica e abrangente, o evento contar\u00e1 com a presen\u00e7a de figuras influentes, como o ministro da Secretaria de Comunica\u00e7\u00e3o Social, Paulo Pimenta; o presidente do BNDES, Aloizio Mercadante; o presidente da FINEP, Celso Pansera; e o presidente da FAPERJ, Jerson Lima Silva. O semin\u00e1rio ser\u00e1 dividido em pain\u00e9is e debates, onde os representantes dos setores p\u00fablico, acad\u00eamico e produtivo discutir\u00e3o solu\u00e7\u00f5es pr\u00e1ticas e empreendedoras para fortalecer a resili\u00eancia do\u00a0Brasil\u00a0frente a desastres naturais.<\/p>\n<p>A programa\u00e7\u00e3o inclui palestras sobre o impacto das mudan\u00e7as clim\u00e1ticas e as oportunidades de inova\u00e7\u00e3o para controle de danos, al\u00e9m de sess\u00f5es de debate com representantes da academia, como FGV e UNIRIO, e do setor produtivo, incluindo a FIRJAN e a Embraer Defesa e Seguran\u00e7a (D&amp;S). A presen\u00e7a de empresas e \u00f3rg\u00e3os de diferentes \u00e1reas, aliada ao debate sobre a Tripla H\u00e9lice, refor\u00e7a o compromisso com a cria\u00e7\u00e3o de um ambiente colaborativo que permita o desenvolvimento e a aplica\u00e7\u00e3o de tecnologias para reduzir os danos causados por desastres.<\/p>\n<p><strong>Servi\u00e7o e informa\u00e7\u00f5es para inscri\u00e7\u00e3o<\/strong><\/p>\n<p>O evento ser\u00e1 realizado no Centro Cultural FGV, localizado na Praia de Botafogo, 190, Rio de Janeiro, e acontecer\u00e1 das 08h \u00e0s 14h. As inscri\u00e7\u00f5es s\u00e3o gratuitas e podem ser feitas pelo link oficial do semin\u00e1rio:\u00a0even3.com.br\/seminario-tripla-helice. A iniciativa \u00e9 uma oportunidade valiosa para profissionais e estudantes das \u00e1reas de ci\u00eancia, tecnologia e pol\u00edticas p\u00fablicas se aprofundarem em pr\u00e1ticas inovadoras de enfrentamento a desastres naturais e fortalecerem suas redes de colabora\u00e7\u00e3o.<\/p>\n<p>A programa\u00e7\u00e3o do evento incluir\u00e1 credenciamento, se\u00e7\u00f5es de abertura, debates moderados e apresenta\u00e7\u00f5es de cada um dos setores da Tripla H\u00e9lice, seguidos por um brunch de confraterniza\u00e7\u00e3o. O semin\u00e1rio promete contribuir para a constru\u00e7\u00e3o de um Brasil mais preparado e resiliente frente aos desafios clim\u00e1ticos.<\/p>\n<p>Fonte: Defesa em Foco<\/p>\n","protected":false},"excerpt":{"rendered":"<p>No dia 12 de novembro, a Funda\u00e7\u00e3o Get\u00falio Vargas (FGV), em parceria com a Marinha do Brasil, promover\u00e1 o semin\u00e1rio \u201cA Tripla H\u00e9lice como condutora&#8230;<\/p>\n","protected":false},"author":1527,"featured_media":55185,"comment_status":"closed","ping_status":"closed","sticky":false,"template":"","format":"standard","meta":{"footnotes":""},"categories":[6],"tags":[],"class_list":["post-55183","post","type-post","status-publish","format-standard","has-post-thumbnail","hentry","category-noticias"],"_links":{"self":[{"href":"https:\/\/www.sincomam.org.br\/index.php\/wp-json\/wp\/v2\/posts\/55183","targetHints":{"allow":["GET"]}}],"collection":[{"href":"https:\/\/www.sincomam.org.br\/index.php\/wp-json\/wp\/v2\/posts"}],"about":[{"href":"https:\/\/www.sincomam.org.br\/index.php\/wp-json\/wp\/v2\/types\/post"}],"author":[{"embeddable":true,"href":"https:\/\/www.sincomam.org.br\/index.php\/wp-json\/wp\/v2\/users\/1527"}],"replies":[{"embeddable":true,"href":"https:\/\/www.sincomam.org.br\/index.php\/wp-json\/wp\/v2\/comments?post=55183"}],"version-history":[{"count":1,"href":"https:\/\/www.sincomam.org.br\/index.php\/wp-json\/wp\/v2\/posts\/55183\/revisions"}],"predecessor-version":[{"id":55186,"href":"https:\/\/www.sincomam.org.br\/index.php\/wp-json\/wp\/v2\/posts\/55183\/revisions\/55186"}],"wp:featuredmedia":[{"embeddable":true,"href":"https:\/\/www.sincomam.org.br\/index.php\/wp-json\/wp\/v2\/media\/55185"}],"wp:attachment":[{"href":"https:\/\/www.sincomam.org.br\/index.php\/wp-json\/wp\/v2\/media?parent=55183"}],"wp:term":[{"taxonomy":"category","embeddable":true,"href":"https:\/\/www.sincomam.org.br\/index.php\/wp-json\/wp\/v2\/categories?post=55183"},{"taxonomy":"post_tag","embeddable":true,"href":"https:\/\/www.sincomam.org.br\/index.php\/wp-json\/wp\/v2\/tags?post=55183"}],"curies":[{"name":"wp","href":"https:\/\/api.w.org\/{rel}","templated":true}]}}