{"id":55179,"date":"2024-11-06T06:02:26","date_gmt":"2024-11-06T09:02:26","guid":{"rendered":"http:\/\/www.sincomam.org.br\/?p=55179"},"modified":"2024-11-05T23:50:05","modified_gmt":"2024-11-06T02:50:05","slug":"bndes-lanca-edital-para-planejamento-espacial-maritimo-da-regiao-norte","status":"publish","type":"post","link":"https:\/\/www.sincomam.org.br\/index.php\/bndes-lanca-edital-para-planejamento-espacial-maritimo-da-regiao-norte\/","title":{"rendered":"BNDES lan\u00e7a edital para planejamento espacial mar\u00edtimo da regi\u00e3o Norte"},"content":{"rendered":"<p>O Banco Nacional de Desenvolvimento Econ\u00f4mico e Social (BNDES) lan\u00e7ou um edital para selecionar um parceiro executor do Planejamento Espacial Mar\u00edtimo (PEM) da regi\u00e3o marinha e costeira do Norte do Brasil, abrangendo \u00e1reas dos estados do Par\u00e1, Amap\u00e1 e Maranh\u00e3o. O estudo contar\u00e1 com at\u00e9 R$ 13,3 milh\u00f5es em recursos n\u00e3o reembols\u00e1veis do Fundo de Estrutura\u00e7\u00e3o de Projetos do BNDES (BNDES FEP) e dever\u00e1 ser realizado em at\u00e9 36 meses.<\/p>\n<p>A \u00e1rea, que cobre aproximadamente 1 milh\u00e3o de km\u00b2, abriga 80% dos manguezais brasileiros, ecossistemas importantes para a biodiversidade e o balan\u00e7o de CO\u2082. Al\u00e9m dos manguezais, a regi\u00e3o possui recifes, corais e \u00e1reas de pesca, e \u00e9 utilizada por setores como navega\u00e7\u00e3o, turismo e pesca. O PEM buscar\u00e1 ordenar os usos e atividades marinhas da regi\u00e3o, identificando d\u00e9ficits de investimento e conciliando desenvolvimento econ\u00f4mico com preserva\u00e7\u00e3o ambiental.<\/p>\n<p>O BNDES j\u00e1 financia estudos semelhantes em outras regi\u00f5es do pa\u00eds. Em fevereiro de 2024, teve in\u00edcio o PEM na regi\u00e3o Sul, com um investimento de R$ 7 milh\u00f5es e execu\u00e7\u00e3o pela empresa Codex Remote. Para a regi\u00e3o Sudeste, foram destinados R$ 12 milh\u00f5es ao cons\u00f3rcio \u201cSudeste Azul\u201d, formado pela Funda\u00e7\u00e3o Get\u00falio Vargas (FGV) e Environpact Sustentabilidade. No Nordeste, o estudo \u00e9 financiado pelo GEF Mar e executado pela Funda\u00e7\u00e3o Norte-Rio-Grandense de Pesquisa e Cultura (Funpec), ligada \u00e0 UFRN.<\/p>\n<p>Fonte: Portos e Navios<\/p>\n","protected":false},"excerpt":{"rendered":"<p>O Banco Nacional de Desenvolvimento Econ\u00f4mico e Social (BNDES) lan\u00e7ou um edital para selecionar um parceiro executor do Planejamento Espacial Mar\u00edtimo (PEM) da regi\u00e3o marinha&#8230;<\/p>\n","protected":false},"author":1527,"featured_media":55181,"comment_status":"closed","ping_status":"closed","sticky":false,"template":"","format":"standard","meta":{"footnotes":""},"categories":[6],"tags":[],"class_list":["post-55179","post","type-post","status-publish","format-standard","has-post-thumbnail","hentry","category-noticias"],"_links":{"self":[{"href":"https:\/\/www.sincomam.org.br\/index.php\/wp-json\/wp\/v2\/posts\/55179","targetHints":{"allow":["GET"]}}],"collection":[{"href":"https:\/\/www.sincomam.org.br\/index.php\/wp-json\/wp\/v2\/posts"}],"about":[{"href":"https:\/\/www.sincomam.org.br\/index.php\/wp-json\/wp\/v2\/types\/post"}],"author":[{"embeddable":true,"href":"https:\/\/www.sincomam.org.br\/index.php\/wp-json\/wp\/v2\/users\/1527"}],"replies":[{"embeddable":true,"href":"https:\/\/www.sincomam.org.br\/index.php\/wp-json\/wp\/v2\/comments?post=55179"}],"version-history":[{"count":1,"href":"https:\/\/www.sincomam.org.br\/index.php\/wp-json\/wp\/v2\/posts\/55179\/revisions"}],"predecessor-version":[{"id":55182,"href":"https:\/\/www.sincomam.org.br\/index.php\/wp-json\/wp\/v2\/posts\/55179\/revisions\/55182"}],"wp:featuredmedia":[{"embeddable":true,"href":"https:\/\/www.sincomam.org.br\/index.php\/wp-json\/wp\/v2\/media\/55181"}],"wp:attachment":[{"href":"https:\/\/www.sincomam.org.br\/index.php\/wp-json\/wp\/v2\/media?parent=55179"}],"wp:term":[{"taxonomy":"category","embeddable":true,"href":"https:\/\/www.sincomam.org.br\/index.php\/wp-json\/wp\/v2\/categories?post=55179"},{"taxonomy":"post_tag","embeddable":true,"href":"https:\/\/www.sincomam.org.br\/index.php\/wp-json\/wp\/v2\/tags?post=55179"}],"curies":[{"name":"wp","href":"https:\/\/api.w.org\/{rel}","templated":true}]}}