{"id":55176,"date":"2024-11-06T06:00:09","date_gmt":"2024-11-06T09:00:09","guid":{"rendered":"http:\/\/www.sincomam.org.br\/?p=55176"},"modified":"2024-11-05T23:52:19","modified_gmt":"2024-11-06T02:52:19","slug":"estudo-da-ocde-destaca-potencial-do-rj-na-economia-azul","status":"publish","type":"post","link":"https:\/\/www.sincomam.org.br\/index.php\/estudo-da-ocde-destaca-potencial-do-rj-na-economia-azul\/","title":{"rendered":"Estudo da OCDE destaca potencial do RJ na Economia Azul"},"content":{"rendered":"<p>O novo estudo da Organiza\u00e7\u00e3o para a Coopera\u00e7\u00e3o e Desenvolvimento Econ\u00f4mico (OCDE) indica que o Rio de Janeiro est\u00e1 se consolidando como uma das principais pot\u00eancias na chamada Economia Azul. Esse conceito refere-se ao uso sustent\u00e1vel dos recursos aqu\u00e1ticos e mar\u00edtimos para promover desenvolvimento econ\u00f4mico, preserva\u00e7\u00e3o ambiental e gera\u00e7\u00e3o de empregos. A pr\u00e9via do estudo foi apresentada durante o evento &#8216;Green Rio 2024&#8217;, realizado na Marina da Gl\u00f3ria entre os dias 31 de outubro e 2 de novembro, onde o Rio foi oficializado como um polo emergente para a Economia Azul no Brasil e na Am\u00e9rica Latina.<\/p>\n<p>De acordo com a OCDE, a economia do mar no Rio de Janeiro representa 9,74% do PIB estadual, movimentando cerca de R$ 242,1 bilh\u00f5es anuais e empregando mais de 301 mil trabalhadores formais. A entidade destaca os avan\u00e7os nas iniciativas de despolui\u00e7\u00e3o da Ba\u00eda de Guanabara e no saneamento da regi\u00e3o metropolitana, que integram o programa &#8216;Guanabara Azul&#8217;. Essa iniciativa estadual fomenta parcerias entre munic\u00edpios para captar recursos e desenvolver projetos de inova\u00e7\u00e3o e sustentabilidade nas \u00e1reas costeiras.<\/p>\n<p>Com a expectativa de que o setor costeiro global atinja cerca de US$ 3 trilh\u00f5es at\u00e9 2030, o relat\u00f3rio tamb\u00e9m prev\u00ea que a ades\u00e3o de ind\u00fastrias, com\u00e9rcio e servi\u00e7os a pr\u00e1ticas sustent\u00e1veis dever\u00e1 amplificar os benef\u00edcios socioambientais, impactando diretamente a popula\u00e7\u00e3o da regi\u00e3o litor\u00e2nea, que corresponde a aproximadamente 80% da popula\u00e7\u00e3o do estado. O tema da Economia Azul ser\u00e1 um dos principais focos do pr\u00f3ximo encontro do G20, a ser realizado no Rio de Janeiro nos dias 18 e 19 de novembro, com discuss\u00f5es sobre preserva\u00e7\u00e3o e recupera\u00e7\u00e3o dos oceanos. O estudo completo da OCDE ser\u00e1 publicado pr\u00f3ximo ao evento, trazendo novas perspectivas para o crescimento da economia mar\u00edtima no Rio.<\/p>\n<p>Entre as pr\u00f3ximas a\u00e7\u00f5es do governo estadual para impulsionar a Economia Azul est\u00e3o a implementa\u00e7\u00e3o de uma pol\u00edtica p\u00fablica de Economia Azul, com mapeamento de indicadores econ\u00f4micos e sociais, gest\u00e3o integrada das \u00e1guas, cria\u00e7\u00e3o de um fundo para a preserva\u00e7\u00e3o dos ecossistemas aqu\u00e1ticos e programas educativos para incentivar uma cultura oce\u00e2nica sustent\u00e1vel e inclusiva. A subsecret\u00e1ria de recursos h\u00eddricos e sustentabilidade do estado do Rio de Janeiro, Ana Asti, havia antecipado o potencial do Rio para a Economia Azul durante o F\u00f3rum Massy Comexlog, realizado em 3 e 4 de outubro no P\u00eder Mau\u00e1.<\/p>\n<p>Para Bruno Barbeito, diretor-presidente da\u00a0<em>trading<\/em>\u00a0Massy, a perspectiva \u00e9 de que o relat\u00f3rio da OCDE represente um salto econ\u00f4mico para o estado, considerando a infraestrutura portu\u00e1ria e a posi\u00e7\u00e3o estrat\u00e9gica do Rio para o com\u00e9rcio exterior. \u201cO uso inteligente e respons\u00e1vel desses recursos \u00e9 fundamental para transformar o nosso estado em refer\u00eancia nacional e internacional na economia dos oceanos,&#8221; afirmou Barbeito.<\/p>\n<p>Fonte: Portos e Navios<\/p>\n","protected":false},"excerpt":{"rendered":"<p>O novo estudo da Organiza\u00e7\u00e3o para a Coopera\u00e7\u00e3o e Desenvolvimento Econ\u00f4mico (OCDE) indica que o Rio de Janeiro est\u00e1 se consolidando como uma das principais&#8230;<\/p>\n","protected":false},"author":1527,"featured_media":55192,"comment_status":"closed","ping_status":"closed","sticky":false,"template":"","format":"standard","meta":{"footnotes":""},"categories":[6],"tags":[],"class_list":["post-55176","post","type-post","status-publish","format-standard","has-post-thumbnail","hentry","category-noticias"],"_links":{"self":[{"href":"https:\/\/www.sincomam.org.br\/index.php\/wp-json\/wp\/v2\/posts\/55176","targetHints":{"allow":["GET"]}}],"collection":[{"href":"https:\/\/www.sincomam.org.br\/index.php\/wp-json\/wp\/v2\/posts"}],"about":[{"href":"https:\/\/www.sincomam.org.br\/index.php\/wp-json\/wp\/v2\/types\/post"}],"author":[{"embeddable":true,"href":"https:\/\/www.sincomam.org.br\/index.php\/wp-json\/wp\/v2\/users\/1527"}],"replies":[{"embeddable":true,"href":"https:\/\/www.sincomam.org.br\/index.php\/wp-json\/wp\/v2\/comments?post=55176"}],"version-history":[{"count":1,"href":"https:\/\/www.sincomam.org.br\/index.php\/wp-json\/wp\/v2\/posts\/55176\/revisions"}],"predecessor-version":[{"id":55178,"href":"https:\/\/www.sincomam.org.br\/index.php\/wp-json\/wp\/v2\/posts\/55176\/revisions\/55178"}],"wp:featuredmedia":[{"embeddable":true,"href":"https:\/\/www.sincomam.org.br\/index.php\/wp-json\/wp\/v2\/media\/55192"}],"wp:attachment":[{"href":"https:\/\/www.sincomam.org.br\/index.php\/wp-json\/wp\/v2\/media?parent=55176"}],"wp:term":[{"taxonomy":"category","embeddable":true,"href":"https:\/\/www.sincomam.org.br\/index.php\/wp-json\/wp\/v2\/categories?post=55176"},{"taxonomy":"post_tag","embeddable":true,"href":"https:\/\/www.sincomam.org.br\/index.php\/wp-json\/wp\/v2\/tags?post=55176"}],"curies":[{"name":"wp","href":"https:\/\/api.w.org\/{rel}","templated":true}]}}