{"id":55167,"date":"2024-11-05T07:16:24","date_gmt":"2024-11-05T10:16:24","guid":{"rendered":"http:\/\/www.sincomam.org.br\/?p=55167"},"modified":"2024-11-05T07:16:24","modified_gmt":"2024-11-05T10:16:24","slug":"porto-de-sao-francisco-do-sul-inicia-dragagem-do-canal-de-acesso","status":"publish","type":"post","link":"https:\/\/www.sincomam.org.br\/index.php\/porto-de-sao-francisco-do-sul-inicia-dragagem-do-canal-de-acesso\/","title":{"rendered":"Porto de S\u00e3o Francisco do Sul inicia dragagem do canal de acesso"},"content":{"rendered":"<p>O Porto de S\u00e3o Francisco do Sul (SC) deu in\u00edcio, nesta segunda-feira (4), \u00e0 dragagem do canal de acesso ao complexo portu\u00e1rio da Babitonga com a draga belga\u00a0<em>Galileu Galilei<\/em>, com o objetivo de restabelecer a profundidade m\u00ednima de 14 metros. A opera\u00e7\u00e3o envolve a remo\u00e7\u00e3o de aproximadamente 1,6 milh\u00e3o de metros c\u00fabicos de sedimentos ao longo dos 17 km do canal interno e 5 km do canal externo, al\u00e9m da bacia de evolu\u00e7\u00e3o, d\u00e1rsena e ber\u00e7os.<\/p>\n<p>A obra, com custo de R$ 37 milh\u00f5es, \u00e9 financiada com recursos pr\u00f3prios da autoridade portu\u00e1ria e deve ser conclu\u00edda em 30 a 40 dias. Os sedimentos ser\u00e3o depositados em uma \u00e1rea determinada pelos \u00f3rg\u00e3os ambientais, a 23 km do porto. A draga utilizada, pertencente \u00e0 empresa Jan de Nul do Brasil, \u00e9 uma das mais modernas do mundo e foi a mesma que realizou o &#8216;engordamento&#8217; da praia de Balne\u00e1rio Cambori\u00fa em 2021. Com 166 metros de comprimento e capacidade de carregamento de 18 mil metros c\u00fabicos, a draga Hopper de suc\u00e7\u00e3o e arrasto pode transportar o equivalente a 1.800 caminh\u00f5es de sedimentos.<\/p>\n<p>Segundo o presidente do porto, Cleverton Vieira, a dragagem \u00e9 parte de um conjunto de investimentos destinados a melhorar a infraestrutura portu\u00e1ria, incluindo a revitaliza\u00e7\u00e3o do sistema de TI, o acesso ferrovi\u00e1rio ao terminal graneleiro, e novos sistemas de sinaliza\u00e7\u00e3o. A opera\u00e7\u00e3o contribui para a seguran\u00e7a na navega\u00e7\u00e3o e facilita o fluxo de embarca\u00e7\u00f5es na Ba\u00eda da Babitonga, atendendo a uma demanda antiga da comunidade portu\u00e1ria.<\/p>\n<p>Fonte: Portos e Navios<\/p>\n","protected":false},"excerpt":{"rendered":"<p>O Porto de S\u00e3o Francisco do Sul (SC) deu in\u00edcio, nesta segunda-feira (4), \u00e0 dragagem do canal de acesso ao complexo portu\u00e1rio da Babitonga com&#8230;<\/p>\n","protected":false},"author":1527,"featured_media":55169,"comment_status":"closed","ping_status":"closed","sticky":false,"template":"","format":"standard","meta":{"footnotes":""},"categories":[6],"tags":[],"class_list":["post-55167","post","type-post","status-publish","format-standard","has-post-thumbnail","hentry","category-noticias"],"_links":{"self":[{"href":"https:\/\/www.sincomam.org.br\/index.php\/wp-json\/wp\/v2\/posts\/55167","targetHints":{"allow":["GET"]}}],"collection":[{"href":"https:\/\/www.sincomam.org.br\/index.php\/wp-json\/wp\/v2\/posts"}],"about":[{"href":"https:\/\/www.sincomam.org.br\/index.php\/wp-json\/wp\/v2\/types\/post"}],"author":[{"embeddable":true,"href":"https:\/\/www.sincomam.org.br\/index.php\/wp-json\/wp\/v2\/users\/1527"}],"replies":[{"embeddable":true,"href":"https:\/\/www.sincomam.org.br\/index.php\/wp-json\/wp\/v2\/comments?post=55167"}],"version-history":[{"count":1,"href":"https:\/\/www.sincomam.org.br\/index.php\/wp-json\/wp\/v2\/posts\/55167\/revisions"}],"predecessor-version":[{"id":55170,"href":"https:\/\/www.sincomam.org.br\/index.php\/wp-json\/wp\/v2\/posts\/55167\/revisions\/55170"}],"wp:featuredmedia":[{"embeddable":true,"href":"https:\/\/www.sincomam.org.br\/index.php\/wp-json\/wp\/v2\/media\/55169"}],"wp:attachment":[{"href":"https:\/\/www.sincomam.org.br\/index.php\/wp-json\/wp\/v2\/media?parent=55167"}],"wp:term":[{"taxonomy":"category","embeddable":true,"href":"https:\/\/www.sincomam.org.br\/index.php\/wp-json\/wp\/v2\/categories?post=55167"},{"taxonomy":"post_tag","embeddable":true,"href":"https:\/\/www.sincomam.org.br\/index.php\/wp-json\/wp\/v2\/tags?post=55167"}],"curies":[{"name":"wp","href":"https:\/\/api.w.org\/{rel}","templated":true}]}}