{"id":55161,"date":"2024-11-05T07:14:41","date_gmt":"2024-11-05T10:14:41","guid":{"rendered":"http:\/\/www.sincomam.org.br\/?p=55161"},"modified":"2024-11-05T07:15:30","modified_gmt":"2024-11-05T10:15:30","slug":"senado-pode-votar-nesta-terca-regulacao-do-mercado-de-carbono-no-brasil","status":"publish","type":"post","link":"https:\/\/www.sincomam.org.br\/index.php\/senado-pode-votar-nesta-terca-regulacao-do-mercado-de-carbono-no-brasil\/","title":{"rendered":"Senado pode votar nesta ter\u00e7a regula\u00e7\u00e3o do mercado de carbono no Brasil"},"content":{"rendered":"<div id=\"chunk-9kv0j\">\n<div class=\"mc-column content-text active-extra-styles \" data-block-type=\"unstyled\" data-block-weight=\"64\" data-block-id=\"2\">\n<p class=\" content-text__container \" data-track-category=\"Link no Texto\" data-track-links=\"\" data-mrf-recirculation=\"Artigo - Links Texto\">O\u00a0Senado\u00a0pode votar nesta ter\u00e7a-feira (5) o projeto que cria regras para o mercado de carbono no Brasil. \u00c9 o primeiro item da pauta da sess\u00e3o. O texto cria um limite de emiss\u00f5es de gases de efeito estufa por meio de um sistema de compensa\u00e7\u00e3o, em que bonifica empresas que reduzirem o lan\u00e7amento de CO2 na atmosfera assim como pune as mais poluidoras.<\/p>\n<\/div>\n<\/div>\n<div class=\"wall protected-content\">\n<div id=\"chunk-a5q7m\">\n<div class=\"mc-column content-text active-extra-styles \" data-block-type=\"unstyled\" data-block-weight=\"29\" data-block-id=\"4\">\n<p class=\" content-text__container \" data-track-category=\"Link no Texto\" data-track-links=\"\" data-mrf-recirculation=\"Artigo - Links Texto\">Como a relatora, senadora Leila Barros (PDT-DF), alterou o conte\u00fado da proposta, caso a mat\u00e9ria seja aprovada, ter\u00e1 de passar por nova rodada de vota\u00e7\u00e3o na C\u00e2mara dos Deputados.<\/p>\n<\/div>\n<\/div>\n<div id=\"chunk-5qsvs\">\n<div class=\"mc-column content-text active-extra-styles \" data-block-type=\"unstyled\" data-block-weight=\"12\" data-block-id=\"5\">\n<p class=\" content-text__container \" data-track-category=\"Link no Texto\" data-track-links=\"\" data-mrf-recirculation=\"Artigo - Links Texto\">O texto da parlamentar mant\u00e9m os dois tipos de mercado para negocia\u00e7\u00e3o:<\/p>\n<\/div>\n<\/div>\n<div id=\"chunk-d2lr6\">\n<div class=\"content-ads content-ads--reveal\" data-block-type=\"ads\" data-block-id=\"6\">\n<div id=\"banner_materia2\" class=\"tag-manager-publicidade-container mc-has-reveal mc-has-ad-lazyload tag-manager-publicidade-banner_materia2 tag-manager-publicidade-container--carregado tag-manager-publicidade-container--visivel\" data-id=\"banner_materia2\" data-google-query-id=\"CPeEorn6xIkDFetV3QIdU20nWw\">\n<div id=\"chunk-f007m\">\n<div class=\"mc-column content-text active-extra-styles\" data-block-type=\"raw\" data-block-weight=\"113\" data-block-id=\"7\">\n<ul class=\"content-unordered-list\">\n<li><strong>mercado regulado:\u00a0<\/strong>neste caso, empresas que emitem mais de 10 mil toneladas de gases de efeito estufa por ano, como as produzem cimento e petr\u00f3leo, ter\u00e3o de aderir \u00e0s regras do sistema de com\u00e9rcio de carbono. As companhias que ultrapassarem a marca precisar\u00e3o compensar as emiss\u00f5es por meio da compra de &#8220;cr\u00e9ditos&#8221;. Pelo texto, cada cr\u00e9dito equivale a uma tonelada de di\u00f3xido de carbono (CO2). Da mesma forma que as empresas que fecharem o ano abaixo desse teto poder\u00e3o vender a diferen\u00e7a;<\/li>\n<li><strong>mercado volunt\u00e1rio:\u00a0<\/strong>neste modelo, o valor do cr\u00e9dito varia de acordo com o projeto. Uma pessoa f\u00edsica que mantiver ou restaurar \u00e1reas protegidas pelo C\u00f3digo Florestal poder\u00e1 vender t\u00edtulos, por exemplo.<\/li>\n<\/ul>\n<p>&nbsp;<\/p>\n<\/div>\n<\/div>\n<div id=\"chunk-34aci\">\n<div class=\"mc-column content-text active-extra-styles \" data-block-type=\"unstyled\" data-block-weight=\"52\" data-block-id=\"8\">\n<p class=\" content-text__container \" data-track-category=\"Link no Texto\" data-track-links=\"\" data-mrf-recirculation=\"Artigo - Links Texto\">O projeto tem o aval da equipe econ\u00f4mica do governo, pois \u00e9 uma tentativa de adequar o mercado brasileiro a par\u00e2metros internacionais, como os do Acordo de Paris, para atrair investimentos. Governos estaduais poder\u00e3o coordenar projetos p\u00fablicos de venda de cr\u00e9ditos de CO2 em \u00e1reas que possuem ou por meio de estatais.<\/p>\n<div id=\"chunk-e50fo\">\n<div class=\"mc-column content-text active-extra-styles \" data-block-type=\"unstyled\" data-block-weight=\"37\" data-block-id=\"11\">\n<p class=\" content-text__container \" data-track-category=\"Link no Texto\" data-track-links=\"\" data-mrf-recirculation=\"Artigo - Links Texto\">&#8220;A prioridade desta agenda alinha-se com a realiza\u00e7\u00e3o da 30\u00aa Confer\u00eancia das Na\u00e7\u00f5es Unidas sobre Mudan\u00e7a do Clima (Confer\u00eancia das Partes)\u2013 a COP-30, que ocorrer\u00e1 em Bel\u00e9m do Par\u00e1, em 2025&#8221;, declarou a relatora em seu parecer.<\/p>\n<\/div>\n<\/div>\n<div id=\"chunk-5o4j8\">\n<div class=\"mc-column content-text active-extra-styles \" data-block-type=\"unstyled\" data-block-weight=\"33\" data-block-id=\"12\">\n<p class=\" content-text__container \" data-track-category=\"Link no Texto\" data-track-links=\"\" data-mrf-recirculation=\"Artigo - Links Texto\">Atividades prim\u00e1rias de agricultura e pecu\u00e1ria ficaram de fora da regulamenta\u00e7\u00e3o. Apesar disso, o setor poder\u00e1 vender cr\u00e9ditos caso comprove que fez a captura de CO2, caso das planta\u00e7\u00f5es de eucalipto, por exemplo.<\/p>\n<\/div>\n<\/div>\n<div id=\"chunk-4fmim\">\n<div class=\"mc-column content-text active-extra-styles \" data-block-type=\"unstyled\" data-block-weight=\"42\" data-block-id=\"13\">\n<p class=\" content-text__container \" data-track-category=\"Link no Texto\" data-track-links=\"\" data-mrf-recirculation=\"Artigo - Links Texto\">Os setores obrigados a respeitar os tetos de emiss\u00f5es de gases poluentes poder\u00e3o implementar tecnologias para captar o g\u00e1s carb\u00f4nico, como j\u00e1 est\u00e1 sendo estudado na fabrica\u00e7\u00e3o de etanol. Ent\u00e3o, a pr\u00f3pria empresa criar\u00e1 mecanismos para ter um saldo aceit\u00e1vel de emiss\u00f5es.<\/p>\n<\/div>\n<\/div>\n<div id=\"chunk-1acbv\">\n<div class=\"mc-column content-text active-extra-styles \" data-block-type=\"unstyled\" data-block-weight=\"39\" data-block-id=\"14\">\n<p class=\" content-text__container \" data-track-category=\"Link no Texto\" data-track-links=\"\" data-mrf-recirculation=\"Artigo - Links Texto\">As empresas que n\u00e3o cumprirem as regras ter\u00e3o de pagar multas equivalentes ao custo das &#8220;obriga\u00e7\u00f5es descumpridas&#8221; at\u00e9 o limite de 3% do faturamento bruto da companhia. O valor ser\u00e1 de R$ 20 milh\u00f5es para pessoas f\u00edsicas e entidades.<\/p>\n<\/div>\n<\/div>\n<div id=\"chunk-4m5c\">\n<div class=\"mc-column content-text active-extra-styles \" data-block-type=\"unstyled\" data-block-weight=\"31\" data-block-id=\"15\">\n<p class=\" content-text__container \" data-track-category=\"Link no Texto\" data-track-links=\"\" data-mrf-recirculation=\"Artigo - Links Texto\">Conforme a proposta, o empreendimento estar\u00e1 sujeito \u00e0 perda de linhas de financiamento e benef\u00edcios fiscais, al\u00e9m da proibi\u00e7\u00e3o de realizar contratos com a administra\u00e7\u00e3o p\u00fablica por at\u00e9 tr\u00eas anos.<\/p>\n<\/div>\n<\/div>\n<div id=\"chunk-7otlq\">\n<div class=\"mc-column content-text active-extra-styles \" data-block-type=\"unstyled\" data-block-weight=\"31\" data-block-id=\"16\">\n<p class=\" content-text__container \" data-track-category=\"Link no Texto\" data-track-links=\"\" data-mrf-recirculation=\"Artigo - Links Texto\">Leila Barros retomou no texto uma puni\u00e7\u00e3o que prev\u00ea o cancelamento do registro para venda de cr\u00e9ditos de carbono para empresa que ultrapassar os n\u00edveis de polui\u00e7\u00e3o estipulados pelo novo regulamento.<\/p>\n<\/div>\n<\/div>\n<div id=\"chunk-d6p3l\">\n<div class=\"tag-manager-publicidade-container mc-has-reveal mc-has-ad-lazyload tag-manager-publicidade-banner_materia__af126082-e94a-4f5d-bebc-5d85c152bef2 tag-manager-publicidade-container--carregado tag-manager-publicidade-container--visivel\" data-id=\"banner_materia__af126082-e94a-4f5d-bebc-5d85c152bef2\" data-google-query-id=\"CMXn27_6xIkDFSBRuAQdXd0UIA\">\n<div id=\"chunk-bd9gv\">\n<div class=\"mc-column content-text active-extra-styles \" data-block-type=\"unstyled\" data-block-weight=\"54\" data-block-id=\"18\">\n<p class=\" content-text__container \" data-track-category=\"Link no Texto\" data-track-links=\"\" data-mrf-recirculation=\"Artigo - Links Texto\">O projeto diz que 75% do dinheiro arrecadado no sistema de mercado de carbono vai ser destinado ao Fundo Nacional sobre Mudan\u00e7a do Clima, com objetivo de incentivar a &#8220;descarboniza\u00e7\u00e3o das atividades&#8221;. Cinco por cento dos recursos ir\u00e1 para &#8220;compensa\u00e7\u00e3o pela contribui\u00e7\u00e3o dos povos ind\u00edgenas e comunidades tradicionais para a conserva\u00e7\u00e3o da vegeta\u00e7\u00e3o nativa&#8221;.<\/p>\n<\/div>\n<\/div>\n<div id=\"chunk-98uhq\">\n<div class=\"mc-column content-text active-extra-styles \" data-block-type=\"unstyled\" data-block-weight=\"19\" data-block-id=\"19\">\n<p class=\" content-text__container \" data-track-category=\"Link no Texto\" data-track-links=\"\" data-mrf-recirculation=\"Artigo - Links Texto\">O restante, 15%, servir\u00e1 para operar o Sistema Brasileiro de Com\u00e9rcio de Emiss\u00f5es de Gases de Efeito Estufa (SBCE).<\/p>\n<\/div>\n<\/div>\n<div id=\"chunk-dk59k\">\n<div class=\"mc-column content-text active-extra-styles \" data-block-type=\"unstyled\" data-block-weight=\"23\" data-block-id=\"20\">\n<p class=\" content-text__container \" data-track-category=\"Link no Texto\" data-track-links=\"\" data-mrf-recirculation=\"Artigo - Links Texto\">Portanto, poder\u00e3o ser produtores de t\u00edtulos &#8220;Uni\u00e3o, estados, munic\u00edpios, propriet\u00e1rios ou usufrutu\u00e1rios privados, comunidades ind\u00edgenas, extrativistas e quilombolas e assentados da reforma agr\u00e1ria&#8221;.<\/p>\n<\/div>\n<\/div>\n<div id=\"chunk-10n47\">\n<div class=\"mc-column content-text active-extra-styles \" data-block-type=\"unstyled\" data-block-weight=\"19\" data-block-id=\"21\">\n<p class=\" content-text__container \" data-track-category=\"Link no Texto\" data-track-links=\"\" data-mrf-recirculation=\"Artigo - Links Texto\">A senadora retirou da proposta o envio de 5% dos recursos para o Fundo Geral de Turismo (Novo Fungetur).<\/p>\n<p data-track-category=\"Link no Texto\" data-track-links=\"\" data-mrf-recirculation=\"Artigo - Links Texto\">Fonte: G1<\/p>\n<\/div>\n<\/div>\n<\/div>\n<\/div>\n<\/div>\n<\/div>\n<\/div>\n<\/div>\n<\/div>\n<\/div>\n","protected":false},"excerpt":{"rendered":"<p>O\u00a0Senado\u00a0pode votar nesta ter\u00e7a-feira (5) o projeto que cria regras para o mercado de carbono no Brasil. \u00c9 o primeiro item da pauta da sess\u00e3o&#8230;.<\/p>\n","protected":false},"author":1527,"featured_media":54625,"comment_status":"closed","ping_status":"closed","sticky":false,"template":"","format":"standard","meta":{"footnotes":""},"categories":[6],"tags":[],"class_list":["post-55161","post","type-post","status-publish","format-standard","has-post-thumbnail","hentry","category-noticias"],"_links":{"self":[{"href":"https:\/\/www.sincomam.org.br\/index.php\/wp-json\/wp\/v2\/posts\/55161","targetHints":{"allow":["GET"]}}],"collection":[{"href":"https:\/\/www.sincomam.org.br\/index.php\/wp-json\/wp\/v2\/posts"}],"about":[{"href":"https:\/\/www.sincomam.org.br\/index.php\/wp-json\/wp\/v2\/types\/post"}],"author":[{"embeddable":true,"href":"https:\/\/www.sincomam.org.br\/index.php\/wp-json\/wp\/v2\/users\/1527"}],"replies":[{"embeddable":true,"href":"https:\/\/www.sincomam.org.br\/index.php\/wp-json\/wp\/v2\/comments?post=55161"}],"version-history":[{"count":2,"href":"https:\/\/www.sincomam.org.br\/index.php\/wp-json\/wp\/v2\/posts\/55161\/revisions"}],"predecessor-version":[{"id":55166,"href":"https:\/\/www.sincomam.org.br\/index.php\/wp-json\/wp\/v2\/posts\/55161\/revisions\/55166"}],"wp:featuredmedia":[{"embeddable":true,"href":"https:\/\/www.sincomam.org.br\/index.php\/wp-json\/wp\/v2\/media\/54625"}],"wp:attachment":[{"href":"https:\/\/www.sincomam.org.br\/index.php\/wp-json\/wp\/v2\/media?parent=55161"}],"wp:term":[{"taxonomy":"category","embeddable":true,"href":"https:\/\/www.sincomam.org.br\/index.php\/wp-json\/wp\/v2\/categories?post=55161"},{"taxonomy":"post_tag","embeddable":true,"href":"https:\/\/www.sincomam.org.br\/index.php\/wp-json\/wp\/v2\/tags?post=55161"}],"curies":[{"name":"wp","href":"https:\/\/api.w.org\/{rel}","templated":true}]}}