{"id":5516,"date":"2014-05-16T08:12:07","date_gmt":"2014-05-16T11:12:07","guid":{"rendered":"http:\/\/www.sincomam.org.br\/?p=5516"},"modified":"2014-05-15T23:38:53","modified_gmt":"2014-05-16T02:38:53","slug":"complexo-de-pecem-demandara-38-mil-trabalhadores-em-2016","status":"publish","type":"post","link":"https:\/\/www.sincomam.org.br\/index.php\/complexo-de-pecem-demandara-38-mil-trabalhadores-em-2016\/","title":{"rendered":"Complexo de Pec\u00e9m demandar\u00e1 38 mil trabalhadores em 2016"},"content":{"rendered":"<p>No que depender do Complexo Industrial e Portu\u00e1rio do Pec\u00e9m (Cipp), os cearenses que estiverem devidamente qualificados ter\u00e3o diversas oportunidades nos pr\u00f3ximos dois anos. Em 2016, por exemplo, a estimativa das 11 organiza\u00e7\u00f5es que est\u00e3o operando ou se encontram em fase de pr\u00e9-opera\u00e7\u00e3o no local \u00e9 que a demanda por m\u00e3o de obra seja de 38.270 trabalhadores.<\/p>\n<p>As ocupa\u00e7\u00f5es ser\u00e3o as mais diversas e poder\u00e3o empregar tanto os cearenses com ensino superior, como tamb\u00e9m aqueles que disp\u00f5e de curso t\u00e9cnico. Para se ter uma ideia, s\u00f3 na engenharia s\u00e3o esperados 274 profissionais em 2016. Al\u00e9m disso, 94 t\u00e9cnicos de controle de produ\u00e7\u00e3o e outros 13.237 ajudantes de obras civis devem estar empregados no Cipp daqui a dois anos. Os dados constam no documento &#8220;Cen\u00e1rio Atual do Complexo Industrial e Portu\u00e1rio do Pec\u00e9m&#8221;, que ser\u00e1 apresentado nesta sexta-feira (16), na Assembleia Legislativa do Estado.<\/p>\n<p>&#8220;Trata-se um trabalho desenvolvido ao longo de dois anos, que engloba aspectos ambientais, sociais, econ\u00f4micos e pol\u00edticos do Cipp&#8221;, explica o deputado estadual Lula Morais, que tamb\u00e9m \u00e9 presidente do Conselho de Altos Estudos e Assuntos Estrat\u00e9gicos da Assembleia, que coordenou a elabora\u00e7\u00e3o do documento. &#8220;Para se ter o m\u00e1ximo de produtividade e o m\u00ednimo de perdas, o Complexo do Pec\u00e9m precisa ser entendido em toda a sua multiplicidade&#8221;, complementa. O estudo tamb\u00e9m tra\u00e7a sete desafios a serem vencidos pelo Cipp, como a defini\u00e7\u00e3o de gest\u00e3o.<\/p>\n<p><strong>Qualifica\u00e7\u00e3o<\/strong><\/p>\n<p>Para o diretor da promo\u00e7\u00e3o do trabalho do Sine\/IDT, Antenor Ten\u00f3rio, os trabalhadores cearenses ter\u00e3o que correr contra o tempo para atenderem as demandas do Cipp. &#8220;A m\u00e3o de obra local n\u00e3o estava preparada para esse &#8216;boom&#8217;, at\u00e9 porque aquela regi\u00e3o n\u00e3o tinha esse perfil. E como o setor privado n\u00e3o vai esperar o poder p\u00fablico qualificar essas pessoas, haver\u00e1 muita gente vindo de outros munic\u00edpios e estados, como Bahia e Pernambuco, que j\u00e1 possuem experi\u00eancia nesse ramo&#8221;, opina.<\/p>\n<p>Antenor afirma, por\u00e9m, que o Estado est\u00e1 fazendo de tudo para oferecer cursos voltados \u00e0s demandas do Cipp. &#8220;O Senai e o Senac ajudar\u00e3o bastante&#8221;, diz.<\/p>\n<p><strong>Complexo de Pec\u00e9m<\/strong><\/p>\n<p>Desafios a serem enfrentados<\/p>\n<p>1. Elaborar e implantar um plano de gest\u00e3o ambiental integrado e participativo que assegure a sustentabilidade do Cipp e do seu entorno;<\/p>\n<p>2. Adequar as pol\u00edticas socias a din\u00e2mica populacional da \u00e1rea do Cipp e de seu entorno<\/p>\n<p>3. Implantar e complementar a infraestrutura b\u00e1sica em toda a \u00e1rea de influ\u00eancia do Cipp;<\/p>\n<p>4. Desenvolver pol\u00edticas de atra\u00e7\u00e3o, fixa\u00e7\u00e3o e fortalecimento de cadeias produtivas no Estado que sejam complementares ao Cipp;<\/p>\n<p>5. Ajustar o compasso quantitativo e qualitativo entre a demanda e a oferta de m\u00e3o de obra para atender as atividades de implanta\u00e7\u00e3o e funcionamento do Cipp;<\/p>\n<p>6. Integrar o planejamento dos munic\u00edpios de S\u00e3o Gon\u00e7alo do Amarante, Caucaia e Cipp;<\/p>\n<p>7. Aperfei\u00e7oar o sistema de gest\u00e3o com capacidade para realizar de forma efetiva a gest\u00e3o compartilhada do Cipp.<\/p>\n<p>Fonte: Di\u00e1rio do Nordeste (CE)\/\u00c1quila Leite<\/p>\n","protected":false},"excerpt":{"rendered":"<p>No que depender do Complexo Industrial e Portu\u00e1rio do Pec\u00e9m (Cipp), os cearenses que estiverem devidamente qualificados ter\u00e3o diversas oportunidades nos pr\u00f3ximos dois anos. Em&#8230;<\/p>\n","protected":false},"author":1182,"featured_media":3207,"comment_status":"closed","ping_status":"closed","sticky":false,"template":"","format":"standard","meta":{"footnotes":""},"categories":[6],"tags":[129,156,235,1026],"class_list":["post-5516","post","type-post","status-publish","format-standard","has-post-thumbnail","hentry","category-noticias","tag-complexo","tag-empregos","tag-pecem","tag-portuario"],"_links":{"self":[{"href":"https:\/\/www.sincomam.org.br\/index.php\/wp-json\/wp\/v2\/posts\/5516","targetHints":{"allow":["GET"]}}],"collection":[{"href":"https:\/\/www.sincomam.org.br\/index.php\/wp-json\/wp\/v2\/posts"}],"about":[{"href":"https:\/\/www.sincomam.org.br\/index.php\/wp-json\/wp\/v2\/types\/post"}],"author":[{"embeddable":true,"href":"https:\/\/www.sincomam.org.br\/index.php\/wp-json\/wp\/v2\/users\/1182"}],"replies":[{"embeddable":true,"href":"https:\/\/www.sincomam.org.br\/index.php\/wp-json\/wp\/v2\/comments?post=5516"}],"version-history":[{"count":1,"href":"https:\/\/www.sincomam.org.br\/index.php\/wp-json\/wp\/v2\/posts\/5516\/revisions"}],"predecessor-version":[{"id":5517,"href":"https:\/\/www.sincomam.org.br\/index.php\/wp-json\/wp\/v2\/posts\/5516\/revisions\/5517"}],"wp:featuredmedia":[{"embeddable":true,"href":"https:\/\/www.sincomam.org.br\/index.php\/wp-json\/wp\/v2\/media\/3207"}],"wp:attachment":[{"href":"https:\/\/www.sincomam.org.br\/index.php\/wp-json\/wp\/v2\/media?parent=5516"}],"wp:term":[{"taxonomy":"category","embeddable":true,"href":"https:\/\/www.sincomam.org.br\/index.php\/wp-json\/wp\/v2\/categories?post=5516"},{"taxonomy":"post_tag","embeddable":true,"href":"https:\/\/www.sincomam.org.br\/index.php\/wp-json\/wp\/v2\/tags?post=5516"}],"curies":[{"name":"wp","href":"https:\/\/api.w.org\/{rel}","templated":true}]}}