{"id":55153,"date":"2024-11-05T06:51:54","date_gmt":"2024-11-05T09:51:54","guid":{"rendered":"http:\/\/www.sincomam.org.br\/?p=55153"},"modified":"2024-11-05T06:51:54","modified_gmt":"2024-11-05T09:51:54","slug":"amazonia-azul-marinha-oferece-ciclo-de-palestras-gratuito-sobre-o-tema","status":"publish","type":"post","link":"https:\/\/www.sincomam.org.br\/index.php\/amazonia-azul-marinha-oferece-ciclo-de-palestras-gratuito-sobre-o-tema\/","title":{"rendered":"Amaz\u00f4nia Azul: Marinha oferece ciclo de palestras gratuito sobre o tema"},"content":{"rendered":"<p class=\"text-align-justify\">Em celebra\u00e7\u00e3o alusiva ao \u201cDia Nacional da Amaz\u00f4nia Azul\u201d, a Diretoria do Patrim\u00f4nio Hist\u00f3rico e Documenta\u00e7\u00e3o da Marinha (DPHDM) iniciou na \u00faltima sexta-feira (1), um Ciclo de Palestras para debater a import\u00e2ncia da Amaz\u00f4nia Azul para o Brasil. Dentre os temas abordados est\u00e3o desafios, riquezas e reflex\u00f5es sobre a preserva\u00e7\u00e3o da \u00e1rea.<\/p>\n<p class=\"text-align-justify\">O ciclo tamb\u00e9m ocorrer\u00e1 nos dias 8, 22 e 29 de novembro, a partir das 14h30, no Museu Naval, localizado no centro do Rio de Janeiro (RJ). A entrada \u00e9 gratuita, precisando apenas da inscri\u00e7\u00e3o pelo e-mail: quirino@marinha.mil.br.<\/p>\n<p class=\"text-align-justify\">O tema central da abertura, \u201cEconomia Azul\u201d, conduzido pelo Professor Adjunto do Programa de P\u00f3s-Gradua\u00e7\u00e3o em Estudos Mar\u00edtimos da Escola de Guerra Naval (EGN), Professor Dr. Thauan dos Santos, abordou reflex\u00f5es como, por exemplo, \u201co Brasil n\u00e3o pode, sendo uma na\u00e7\u00e3o mar\u00edtima por excel\u00eancia, ignorar o mar.\u201d<\/p>\n<p class=\"text-align-justify\">O palestrante refor\u00e7ou ainda que \u201cA Amaz\u00f4nia Azul, assim como a Amaz\u00f4nia Legal, tem um enorme potencial de crescimento econ\u00f4mico, de gera\u00e7\u00e3o de emprego e, obviamente, de elevar a importante quest\u00e3o da sustentabilidade.\u201d<\/p>\n<p class=\"text-align-justify\">Na pr\u00f3xima sexta-feira (8), o ciclo avan\u00e7a e traz como eixo principal o \u201cPlanejamento Espacial da Marinha: situa\u00e7\u00e3o atual e pr\u00f3ximos passos\u201d, apresentado pelo Secret\u00e1rio da Comiss\u00e3o Interministerial para os Recursos do Mar, Contra-Almirante Ricardo Jaques Ferreira.<\/p>\n<p class=\"text-align-justify\">O evento ser\u00e1 retomado duas semanas depois, no dia 22 de novembro, \u00e0s 14h30. Na ocasi\u00e3o, o debate ser\u00e1 expandido para o tema \u201cMonumento das Ilhas Cagarras: um ponto de esperan\u00e7a carioca\u201d, sob a apresenta\u00e7\u00e3o da Analista Ambiental e Chefe do Monumento Natural das Ilhas Cagarras, do Instituto Chico Mendes de Conserva\u00e7\u00e3o da Biodiversidade (ICMBio), Tatiana Teixeira Leite.<\/p>\n<p class=\"text-align-justify\">Criado em 2010, esse monumento \u00e9 composto por quatro ilhas (Palmas, Comprida, Cagarra e Redonda) e localiza-se a cerca de 5 km da praia de Ipanema, no Rio de Janeiro. Conhecido como MONA, tem o objetivo de preservar \u00e1reas de Mata Atl\u00e2ntica que ainda existem na regi\u00e3o, sendo um dos ref\u00fagios das aves marinhas.<\/p>\n<p class=\"text-align-justify\">J\u00e1 no fechamento do circuito, no dia 29, a palestra ser\u00e1 direcionada para o tema \u201cO Mar na Pol\u00edtica Externa Brasileira\u201d. A especialista convidada \u00e9 a Chefe da Divis\u00e3o do Mar, da Ant\u00e1rtica e do Espa\u00e7o, Conselheira Mait\u00ea de Souza Schmitz.<\/p>\n<p class=\"text-align-justify\">Para o Diretor do Patrim\u00f4nio Hist\u00f3rico e Documenta\u00e7\u00e3o da Marinha (DPHDM), Vice-Almirante Gilberto Santos Kerr, o evento difunde o que de fato \u00e9 a Amaz\u00f4nia Azul para o eixo mais importante do pa\u00eds, a sociedade. \u201cEssa rodada de discuss\u00f5es promovida em todos os dias do ciclo \u00e9 fundamental para o desenvolvimento da mentalidade mar\u00edtima no seio da popula\u00e7\u00e3o por todo o nosso Brasil\u201d, afirmou.<\/p>\n<h5 class=\"text-align-justify\">Confira a programa\u00e7\u00e3o completa:<\/h5>\n<p class=\"text-align-justify\"><strong>Data<\/strong>: 1 de novembro &#8211; 14h30<br \/>\n<strong>Tema<\/strong>: Economia Azul<br \/>\n<strong>Palestrante<\/strong>: Professor Dr. Thauan dos Santos &#8211; Adjunto do Programa de P\u00f3s-Gradua\u00e7\u00e3o em Estudos Mar\u00edtimos da EGN;<\/p>\n<p class=\"text-align-justify\"><strong>Data<\/strong>: 8 de novembro &#8211; 14h30<br \/>\n<strong>Tema<\/strong>: Planejamento Espacial Marinho: situa\u00e7\u00e3o atual e pr\u00f3ximos passos<br \/>\n<strong>Palestrante<\/strong>: Contra-Almirante Jaques &#8211; Secret\u00e1rio da Comiss\u00e3o Interministerial para os Recursos do Mar;<\/p>\n<p class=\"text-align-justify\"><strong>Data<\/strong>: 22 de novembro &#8211; 14h30<br \/>\n<strong>Tema<\/strong>: Monumento Natural das Ilhas Cagarras: um ponto de esperan\u00e7a carioca<br \/>\n<strong>Palestrante<\/strong>: Tatiana Teixeira Leite Ribeiro &#8211; Analista Ambiental e Chefe do Monumento Natural das Ilhas Cagarras \/ ICMBio;<\/p>\n<p class=\"text-align-justify\"><strong>Data<\/strong>: 29 de novembro &#8211; 14h30<br \/>\n<strong>Tema<\/strong>: O Mar na Pol\u00edtica Externa Brasileira<br \/>\n<strong>Palestrante<\/strong>: Conselheira Ma\u00edra de Souza Schmitz &#8211; Chefe da Divis\u00e3o do Mar, da Ant\u00e1rtica e do Espa\u00e7o (DMAE\/MRE).<\/p>\n<h5 class=\"text-align-justify\"><strong>Sobre a Amaz\u00f4nia Azul<\/strong><\/h5>\n<p class=\"text-align-justify\">Trata-se de uma \u00e1rea mar\u00edtima equivalente a 67% do territ\u00f3rio nacional terrestre, com extens\u00e3o de 5,7 milh\u00f5es de km\u00b2. A Amaz\u00f4nia Azul se projeta do litoral at\u00e9 o limite exterior da Plataforma Continental Brasileira, um territ\u00f3rio estrat\u00e9gico que refor\u00e7a o Poder Mar\u00edtimo do Brasil.<\/p>\n<p class=\"text-align-justify\">Cerca de 95% da economia nacional proveniente do com\u00e9rcio exterior trafega nessas \u00e1guas que, para al\u00e9m da riqueza natural, tamb\u00e9m \u00e9 fonte de vida marinha com uma biodiversidade que pode ser comparada \u00e0 Amaz\u00f4nia verde. O Dia Nacional da Amaz\u00f4nia Azul \u00e9 comemorado no dia 16 de novembro.<\/p>\n<h5 class=\"text-align-justify\">Evento<\/h5>\n<p class=\"text-align-justify\">Ciclo de Palestras Alusivo ao Dia Nacional da Amaz\u00f4nia Azul<br \/>\nInscri\u00e7\u00e3o gratuita pelo e-mail: quirino@marinha.mil.br<br \/>\nEndere\u00e7o: Rua Dom Manuel 15, Pra\u00e7a XV. Centro, Rio de Janeiro (RJ).<br \/>\nTelefone: (21) 2104-5506<\/p>\n<p class=\"text-align-justify\">Saiba mais sobre a <strong>Amaz\u00f4nia azul<\/strong> clicando <a href=\"https:\/\/www.marinha.mil.br\/secirm\/pt-br\/amazoniaazul\" target=\"_blank\" rel=\"noopener\">aqui<\/a>:<\/p>\n<p>Fonte: Ag\u00eancia Marinha de Not\u00edcias<\/p>\n","protected":false},"excerpt":{"rendered":"<p>Em celebra\u00e7\u00e3o alusiva ao \u201cDia Nacional da Amaz\u00f4nia Azul\u201d, a Diretoria do Patrim\u00f4nio Hist\u00f3rico e Documenta\u00e7\u00e3o da Marinha (DPHDM) iniciou na \u00faltima sexta-feira (1), um&#8230;<\/p>\n","protected":false},"author":1527,"featured_media":55155,"comment_status":"closed","ping_status":"closed","sticky":false,"template":"","format":"standard","meta":{"footnotes":""},"categories":[6],"tags":[],"class_list":["post-55153","post","type-post","status-publish","format-standard","has-post-thumbnail","hentry","category-noticias"],"_links":{"self":[{"href":"https:\/\/www.sincomam.org.br\/index.php\/wp-json\/wp\/v2\/posts\/55153","targetHints":{"allow":["GET"]}}],"collection":[{"href":"https:\/\/www.sincomam.org.br\/index.php\/wp-json\/wp\/v2\/posts"}],"about":[{"href":"https:\/\/www.sincomam.org.br\/index.php\/wp-json\/wp\/v2\/types\/post"}],"author":[{"embeddable":true,"href":"https:\/\/www.sincomam.org.br\/index.php\/wp-json\/wp\/v2\/users\/1527"}],"replies":[{"embeddable":true,"href":"https:\/\/www.sincomam.org.br\/index.php\/wp-json\/wp\/v2\/comments?post=55153"}],"version-history":[{"count":1,"href":"https:\/\/www.sincomam.org.br\/index.php\/wp-json\/wp\/v2\/posts\/55153\/revisions"}],"predecessor-version":[{"id":55156,"href":"https:\/\/www.sincomam.org.br\/index.php\/wp-json\/wp\/v2\/posts\/55153\/revisions\/55156"}],"wp:featuredmedia":[{"embeddable":true,"href":"https:\/\/www.sincomam.org.br\/index.php\/wp-json\/wp\/v2\/media\/55155"}],"wp:attachment":[{"href":"https:\/\/www.sincomam.org.br\/index.php\/wp-json\/wp\/v2\/media?parent=55153"}],"wp:term":[{"taxonomy":"category","embeddable":true,"href":"https:\/\/www.sincomam.org.br\/index.php\/wp-json\/wp\/v2\/categories?post=55153"},{"taxonomy":"post_tag","embeddable":true,"href":"https:\/\/www.sincomam.org.br\/index.php\/wp-json\/wp\/v2\/tags?post=55153"}],"curies":[{"name":"wp","href":"https:\/\/api.w.org\/{rel}","templated":true}]}}