{"id":55141,"date":"2024-11-05T06:27:52","date_gmt":"2024-11-05T09:27:52","guid":{"rendered":"http:\/\/www.sincomam.org.br\/?p=55141"},"modified":"2024-11-05T06:27:52","modified_gmt":"2024-11-05T09:27:52","slug":"antaq-e-governo-de-rondonia-debatem-concessao-da-hidrovia-do-madeira","status":"publish","type":"post","link":"https:\/\/www.sincomam.org.br\/index.php\/antaq-e-governo-de-rondonia-debatem-concessao-da-hidrovia-do-madeira\/","title":{"rendered":"Antaq e governo de Rond\u00f4nia debatem concess\u00e3o da Hidrovia do Madeira"},"content":{"rendered":"<p>A Ag\u00eancia Nacional de Transportes Aquavi\u00e1rios (Antaq) est\u00e1 em Porto Velho (RO), nesta semana, para discutir o projeto de concess\u00e3o da Hidrovia do Rio Madeira, em parceria com o governo estadual e a Secretaria Nacional de Hidrovias e Navega\u00e7\u00e3o. A concess\u00e3o da hidrovia \u00e9 considerada essencial para Rond\u00f4nia, garantindo o abastecimento de combust\u00edveis e o escoamento de gr\u00e3os, al\u00e9m de reduzir o risco de desabastecimento de produtos.<\/p>\n<p>O processo abrange o trecho entre Porto Velho e a foz do Rio Madeira, uma extens\u00e3o de 1.075 km, passando pelos estados de Rond\u00f4nia e Amazonas. O projeto de concess\u00e3o busca gerar emprego e renda na regi\u00e3o de maneira sustent\u00e1vel, al\u00e9m de manter a navegabilidade da hidrovia durante o per\u00edodo de seca, com profundidade m\u00ednima de 3,5 metros e calado de 3 metros, permitindo maior capacidade de transporte.<\/p>\n<p>A manuten\u00e7\u00e3o cont\u00ednua e a sinaliza\u00e7\u00e3o adequada do canal tamb\u00e9m visam aumentar a efici\u00eancia do transporte, permitindo a navega\u00e7\u00e3o noturna e o transporte de cargas maiores na \u00e9poca de seca. Segundo a Antaq, essas melhorias podem reduzir o custo de transporte para empresas de navega\u00e7\u00e3o em cerca de 24%, considerando uma tarifa de R$ 0,80 por tonelada. A modelagem do projeto define que a cobran\u00e7a de tarifas para movimenta\u00e7\u00e3o de cargas ser\u00e1 aplicada somente ap\u00f3s o in\u00edcio dos servi\u00e7os pela concession\u00e1ria. O transporte de passageiros e pequenas embarca\u00e7\u00f5es continuar\u00e1 isento de tarifas.<\/p>\n<p>Fonte: Portos e Navios<\/p>\n","protected":false},"excerpt":{"rendered":"<p>A Ag\u00eancia Nacional de Transportes Aquavi\u00e1rios (Antaq) est\u00e1 em Porto Velho (RO), nesta semana, para discutir o projeto de concess\u00e3o da Hidrovia do Rio Madeira,&#8230;<\/p>\n","protected":false},"author":1527,"featured_media":55143,"comment_status":"closed","ping_status":"closed","sticky":false,"template":"","format":"standard","meta":{"footnotes":""},"categories":[6],"tags":[],"class_list":["post-55141","post","type-post","status-publish","format-standard","has-post-thumbnail","hentry","category-noticias"],"_links":{"self":[{"href":"https:\/\/www.sincomam.org.br\/index.php\/wp-json\/wp\/v2\/posts\/55141","targetHints":{"allow":["GET"]}}],"collection":[{"href":"https:\/\/www.sincomam.org.br\/index.php\/wp-json\/wp\/v2\/posts"}],"about":[{"href":"https:\/\/www.sincomam.org.br\/index.php\/wp-json\/wp\/v2\/types\/post"}],"author":[{"embeddable":true,"href":"https:\/\/www.sincomam.org.br\/index.php\/wp-json\/wp\/v2\/users\/1527"}],"replies":[{"embeddable":true,"href":"https:\/\/www.sincomam.org.br\/index.php\/wp-json\/wp\/v2\/comments?post=55141"}],"version-history":[{"count":1,"href":"https:\/\/www.sincomam.org.br\/index.php\/wp-json\/wp\/v2\/posts\/55141\/revisions"}],"predecessor-version":[{"id":55144,"href":"https:\/\/www.sincomam.org.br\/index.php\/wp-json\/wp\/v2\/posts\/55141\/revisions\/55144"}],"wp:featuredmedia":[{"embeddable":true,"href":"https:\/\/www.sincomam.org.br\/index.php\/wp-json\/wp\/v2\/media\/55143"}],"wp:attachment":[{"href":"https:\/\/www.sincomam.org.br\/index.php\/wp-json\/wp\/v2\/media?parent=55141"}],"wp:term":[{"taxonomy":"category","embeddable":true,"href":"https:\/\/www.sincomam.org.br\/index.php\/wp-json\/wp\/v2\/categories?post=55141"},{"taxonomy":"post_tag","embeddable":true,"href":"https:\/\/www.sincomam.org.br\/index.php\/wp-json\/wp\/v2\/tags?post=55141"}],"curies":[{"name":"wp","href":"https:\/\/api.w.org\/{rel}","templated":true}]}}