{"id":55112,"date":"2024-11-04T06:40:15","date_gmt":"2024-11-04T09:40:15","guid":{"rendered":"http:\/\/www.sincomam.org.br\/?p=55112"},"modified":"2024-11-04T06:40:15","modified_gmt":"2024-11-04T09:40:15","slug":"antaq-e-reconhecida-novamente-por-melhores-praticas-regulatorias","status":"publish","type":"post","link":"https:\/\/www.sincomam.org.br\/index.php\/antaq-e-reconhecida-novamente-por-melhores-praticas-regulatorias\/","title":{"rendered":"ANTAQ \u00e9 reconhecida novamente por melhores pr\u00e1ticas regulat\u00f3rias"},"content":{"rendered":"<p>A Ag\u00eancia Nacional de Transportes Aquavi\u00e1rios (ANTAQ) recebeu, em cerim\u00f4nia realizada nesta sexta-feira (1\u00ba), men\u00e7\u00e3o honrosa no Pr\u00eamio FGV Direito Rio de Melhores Pr\u00e1ticas em Regula\u00e7\u00e3o 2024.<\/p>\n<p>O trabalho agraciado foi o \u201cMensura\u00e7\u00e3o da Efetividade dos Eventos de Participa\u00e7\u00e3o Social da ANTAQ\u201d, que trata da proposi\u00e7\u00e3o de indicadores para medir a efetividade dos eventos de participa\u00e7\u00e3o social nos termos e da Pesquisa de Satisfa\u00e7\u00e3o dos Usu\u00e1rios dos Sistemas de Participa\u00e7\u00e3o Social.<\/p>\n<p>Estavam presentes para o recebimento do pr\u00eamio a diretora Fl\u00e1via Takafashi, que relatou o processo da nova metodologia e o superintendente de Regula\u00e7\u00e3o da ANTAQ, Jos\u00e9 Renato Fialho.<\/p>\n<p><strong>Sobre o estudo<\/strong><\/p>\n<p>Com o projeto, que foi iniciado em 2020, foi criada uma metodologia e indicadores que mensuram a efetividade dos eventos de participa\u00e7\u00e3o social. Essa avalia\u00e7\u00e3o faz parte do programa de Qualidade Regulat\u00f3ria da Ag\u00eancia, um tema de extrema import\u00e2ncia para a ANTAQ.<\/p>\n<p>O estudo garante mais maturidade regulat\u00f3ria, legitimidade das decis\u00f5es que s\u00e3o tomadas e contribui para um ambiente regulat\u00f3rio mais aberto e responsivo \u00e0s demandas sociais e econ\u00f4micas.<\/p>\n<p><strong>Reconhecimento<\/strong><\/p>\n<p>Essa \u00e9 a segunda vez no ano que a Ag\u00eancia \u00e9 reconhecida pela sua excel\u00eancia regulat\u00f3ria. Em julho, a ANTAQ recebeu, do Minist\u00e9rio do Desenvolvimento, Ind\u00fastria, Com\u00e9rcio e Servi\u00e7os (MDIC), um selo ouro e dois selos prata na 2\u00aa edi\u00e7\u00e3o do Selo de Boas Pr\u00e1ticas Regulat\u00f3rias.<\/p>\n<p>Fonte: Informativo dos Portos<\/p>\n","protected":false},"excerpt":{"rendered":"<p>A Ag\u00eancia Nacional de Transportes Aquavi\u00e1rios (ANTAQ) recebeu, em cerim\u00f4nia realizada nesta sexta-feira (1\u00ba), men\u00e7\u00e3o honrosa no Pr\u00eamio FGV Direito Rio de Melhores Pr\u00e1ticas em&#8230;<\/p>\n","protected":false},"author":1527,"featured_media":55114,"comment_status":"closed","ping_status":"closed","sticky":false,"template":"","format":"standard","meta":{"footnotes":""},"categories":[6],"tags":[],"class_list":["post-55112","post","type-post","status-publish","format-standard","has-post-thumbnail","hentry","category-noticias"],"_links":{"self":[{"href":"https:\/\/www.sincomam.org.br\/index.php\/wp-json\/wp\/v2\/posts\/55112","targetHints":{"allow":["GET"]}}],"collection":[{"href":"https:\/\/www.sincomam.org.br\/index.php\/wp-json\/wp\/v2\/posts"}],"about":[{"href":"https:\/\/www.sincomam.org.br\/index.php\/wp-json\/wp\/v2\/types\/post"}],"author":[{"embeddable":true,"href":"https:\/\/www.sincomam.org.br\/index.php\/wp-json\/wp\/v2\/users\/1527"}],"replies":[{"embeddable":true,"href":"https:\/\/www.sincomam.org.br\/index.php\/wp-json\/wp\/v2\/comments?post=55112"}],"version-history":[{"count":1,"href":"https:\/\/www.sincomam.org.br\/index.php\/wp-json\/wp\/v2\/posts\/55112\/revisions"}],"predecessor-version":[{"id":55115,"href":"https:\/\/www.sincomam.org.br\/index.php\/wp-json\/wp\/v2\/posts\/55112\/revisions\/55115"}],"wp:featuredmedia":[{"embeddable":true,"href":"https:\/\/www.sincomam.org.br\/index.php\/wp-json\/wp\/v2\/media\/55114"}],"wp:attachment":[{"href":"https:\/\/www.sincomam.org.br\/index.php\/wp-json\/wp\/v2\/media?parent=55112"}],"wp:term":[{"taxonomy":"category","embeddable":true,"href":"https:\/\/www.sincomam.org.br\/index.php\/wp-json\/wp\/v2\/categories?post=55112"},{"taxonomy":"post_tag","embeddable":true,"href":"https:\/\/www.sincomam.org.br\/index.php\/wp-json\/wp\/v2\/tags?post=55112"}],"curies":[{"name":"wp","href":"https:\/\/api.w.org\/{rel}","templated":true}]}}