{"id":55073,"date":"2024-10-31T07:21:22","date_gmt":"2024-10-31T10:21:22","guid":{"rendered":"http:\/\/www.sincomam.org.br\/?p=55073"},"modified":"2024-10-31T07:21:22","modified_gmt":"2024-10-31T10:21:22","slug":"senado-aprova-projeto-que-libera-aposentado-com-incapacidade-permanente-de-pericias-frequentes","status":"publish","type":"post","link":"https:\/\/www.sincomam.org.br\/index.php\/senado-aprova-projeto-que-libera-aposentado-com-incapacidade-permanente-de-pericias-frequentes\/","title":{"rendered":"Senado aprova projeto que libera aposentado com incapacidade permanente de per\u00edcias frequentes"},"content":{"rendered":"<div id=\"chunk-divin\">\n<div class=\"mc-column content-text active-extra-styles \" data-block-type=\"unstyled\" data-block-weight=\"27\" data-block-id=\"2\">\n<p class=\" content-text__container \" data-track-category=\"Link no Texto\" data-track-links=\"\" data-mrf-recirculation=\"Artigo - Links Texto\">O\u00a0Senado\u00a0aprovou nesta quarta-feira (30) um projeto que dispensa de per\u00edcia frequente pessoas com incapacidade permanente, incluindo HIV, Alzheimer, Parkinson e esclerose lateral amiotr\u00f3fica (ELA).<\/p>\n<\/div>\n<\/div>\n<div class=\"wall protected-content\">\n<div id=\"chunk-f9p\">\n<div class=\"mc-column content-text active-extra-styles \" data-block-type=\"unstyled\" data-block-weight=\"26\" data-block-id=\"4\">\n<p class=\" content-text__container \" data-track-category=\"Link no Texto\" data-track-links=\"\" data-mrf-recirculation=\"Artigo - Links Texto\">Trata-se da inspe\u00e7\u00e3o peri\u00f3dica, exigida pelo Instituto Nacional do Seguro Social (INSS), para comprovar a necessidade do segurado de receber aposentadoria por invalidez ou aux\u00edlio-doen\u00e7a (tempor\u00e1rio).<\/p>\n<\/div>\n<\/div>\n<div id=\"chunk-5r84g\">\n<div class=\"mc-column content-text active-extra-styles \" data-block-type=\"unstyled\" data-block-weight=\"19\" data-block-id=\"5\">\n<p class=\" content-text__container \" data-track-category=\"Link no Texto\" data-track-links=\"\" data-mrf-recirculation=\"Artigo - Links Texto\">Para come\u00e7ar a valer, o texto ainda precisa passar pela san\u00e7\u00e3o do presidente\u00a0Luiz In\u00e1cio Lula da Silva\u00a0(PT).<\/p>\n<\/div>\n<\/div>\n<div id=\"chunk-5e5ed\">\n<div class=\"mc-column content-text active-extra-styles \" data-block-type=\"unstyled\" data-block-weight=\"32\" data-block-id=\"6\">\n<p class=\" content-text__container \" data-track-category=\"Link no Texto\" data-track-links=\"\" data-mrf-recirculation=\"Artigo - Links Texto\">Hoje, quem recebe os benef\u00edcios pode ser convocado a qualquer momento para a per\u00edcia m\u00e9dica. Pessoas com HIV j\u00e1 s\u00e3o liberadas nesse caso. A proposta aprovada pelo Congresso inclui mais tr\u00eas doen\u00e7as.<\/p>\n<\/div>\n<\/div>\n<div id=\"chunk-59cud\">\n<div class=\"content-ads content-ads--reveal\" data-block-type=\"ads\" data-block-id=\"7\">\n<div id=\"banner_materia2\" class=\"tag-manager-publicidade-container mc-has-reveal mc-has-ad-lazyload\" data-id=\"banner_materia2\">\n<div id=\"google_ads_iframe_\/95377733\/tvg_G1\/Politica_3__container__\">Mesmo que o benefici\u00e1rio n\u00e3o se enquadre nessas condi\u00e7\u00f5es, caso a avali\u00e7\u00e3o m\u00e9dica comprove uma incapacidade &#8220;permanente, irrevers\u00edvel ou irrecuper\u00e1vel&#8221;, ou seja, sem cura, n\u00e3o ser\u00e1 mais necess\u00e1ria a revis\u00e3o.<\/div>\n<\/div>\n<\/div>\n<\/div>\n<div id=\"chunk-cafkr\">\n<div class=\"mc-column content-text active-extra-styles \" data-block-type=\"unstyled\" data-block-weight=\"39\" data-block-id=\"9\">\n<p class=\" content-text__container \" data-track-category=\"Link no Texto\" data-track-links=\"\" data-mrf-recirculation=\"Artigo - Links Texto\">Esta \u00faltima regra, da incapacidade permanente, valer\u00e1 tamb\u00e9m para o Benef\u00edcio de Presta\u00e7\u00e3o Continuada (BPC) que, por lei, deve ser revisto a cada dois anos. O BPC \u00e9 um sal\u00e1rio-m\u00ednimo pago a pessoas com defici\u00eancia e idosos.<\/p>\n<\/div>\n<\/div>\n<div id=\"chunk-blim6\">\n<div class=\"mc-column content-text active-extra-styles \" data-block-type=\"unstyled\" data-block-weight=\"16\" data-block-id=\"10\">\n<p class=\" content-text__container \" data-track-category=\"Link no Texto\" data-track-links=\"\" data-mrf-recirculation=\"Artigo - Links Texto\">A exce\u00e7\u00e3o para todos os casos ser\u00e1 diante de apura\u00e7\u00e3o de fraude ou erro nos pagamentos.<\/p>\n<p data-track-category=\"Link no Texto\" data-track-links=\"\" data-mrf-recirculation=\"Artigo - Links Texto\">Fonte: G1<\/p>\n<\/div>\n<\/div>\n<\/div>\n","protected":false},"excerpt":{"rendered":"<p>O\u00a0Senado\u00a0aprovou nesta quarta-feira (30) um projeto que dispensa de per\u00edcia frequente pessoas com incapacidade permanente, incluindo HIV, Alzheimer, Parkinson e esclerose lateral amiotr\u00f3fica (ELA). Trata-se&#8230;<\/p>\n","protected":false},"author":1527,"featured_media":55075,"comment_status":"closed","ping_status":"closed","sticky":false,"template":"","format":"standard","meta":{"footnotes":""},"categories":[6],"tags":[],"class_list":["post-55073","post","type-post","status-publish","format-standard","has-post-thumbnail","hentry","category-noticias"],"_links":{"self":[{"href":"https:\/\/www.sincomam.org.br\/index.php\/wp-json\/wp\/v2\/posts\/55073","targetHints":{"allow":["GET"]}}],"collection":[{"href":"https:\/\/www.sincomam.org.br\/index.php\/wp-json\/wp\/v2\/posts"}],"about":[{"href":"https:\/\/www.sincomam.org.br\/index.php\/wp-json\/wp\/v2\/types\/post"}],"author":[{"embeddable":true,"href":"https:\/\/www.sincomam.org.br\/index.php\/wp-json\/wp\/v2\/users\/1527"}],"replies":[{"embeddable":true,"href":"https:\/\/www.sincomam.org.br\/index.php\/wp-json\/wp\/v2\/comments?post=55073"}],"version-history":[{"count":1,"href":"https:\/\/www.sincomam.org.br\/index.php\/wp-json\/wp\/v2\/posts\/55073\/revisions"}],"predecessor-version":[{"id":55076,"href":"https:\/\/www.sincomam.org.br\/index.php\/wp-json\/wp\/v2\/posts\/55073\/revisions\/55076"}],"wp:featuredmedia":[{"embeddable":true,"href":"https:\/\/www.sincomam.org.br\/index.php\/wp-json\/wp\/v2\/media\/55075"}],"wp:attachment":[{"href":"https:\/\/www.sincomam.org.br\/index.php\/wp-json\/wp\/v2\/media?parent=55073"}],"wp:term":[{"taxonomy":"category","embeddable":true,"href":"https:\/\/www.sincomam.org.br\/index.php\/wp-json\/wp\/v2\/categories?post=55073"},{"taxonomy":"post_tag","embeddable":true,"href":"https:\/\/www.sincomam.org.br\/index.php\/wp-json\/wp\/v2\/tags?post=55073"}],"curies":[{"name":"wp","href":"https:\/\/api.w.org\/{rel}","templated":true}]}}