{"id":55046,"date":"2024-10-30T13:28:05","date_gmt":"2024-10-30T16:28:05","guid":{"rendered":"http:\/\/www.sincomam.org.br\/?p=55046"},"modified":"2024-10-30T13:28:05","modified_gmt":"2024-10-30T16:28:05","slug":"senado-prorroga-ate-2031-isencao-de-fundo-da-marinha-para-norte-e-nordeste","status":"publish","type":"post","link":"https:\/\/www.sincomam.org.br\/index.php\/senado-prorroga-ate-2031-isencao-de-fundo-da-marinha-para-norte-e-nordeste\/","title":{"rendered":"Senado prorroga at\u00e9 2031 isen\u00e7\u00e3o de fundo da Marinha para Norte e Nordeste"},"content":{"rendered":"<p>O plen\u00e1rio do Senado aprovou, nesta ter\u00e7a-feira (29), o projeto de lei 1765\/2019, que prorroga at\u00e9 31 de dezembro de 2031, o prazo de vig\u00eancia do Fundo da Marinha Mercante para o setor de transporte.<\/p>\n<p>Dessa forma, o Adicional ao Frete para Renova\u00e7\u00e3o da Marinha Mercante (AFRMM) n\u00e3o incidir\u00e1, at\u00e9 2031, sobre as cargas com origem ou destino nas regi\u00f5es Norte e Nordeste. Tamb\u00e9m est\u00e1 voltado a navega\u00e7\u00f5es de cabotagem, interior fluvial e lacustre.<\/p>\n<p>O projeto de lei teve parecer favor\u00e1vel do relator, senador Eduardo Braga (MDB-AM). A mat\u00e9ria agora retorna \u00e0 C\u00e2mara dos Deputados.<\/p>\n<p>Na avalia\u00e7\u00e3o dos senadores, a prorroga\u00e7\u00e3o do prazo de isen\u00e7\u00e3o do adicional de frete do fundo da Marinha Mercante, para as cargas que tenham como origem ou destino o Norte e Nordeste, \u00e9 necess\u00e1ria.<\/p>\n<p>Isso porque a medida vai ajudar essas regi\u00f5es a superar as consequ\u00eancias de graves problemas, que enfrentaram nos \u00faltimos anos, como a pandemia e a maior estiagem que a Amaz\u00f4nia enfrentou no ano passado e que se repetiu este ano.<\/p>\n<p>Por isso, de acordo com o relator, o seu parecer favor\u00e1vel, prorrogando a isen\u00e7\u00e3o do imposto at\u00e9 2031, vai ajudar essas regi\u00f5es que dependem do transporte fluvial e mar\u00edtimo.<\/p>\n<h4 id=\"h-tramitacao\" class=\"wp-block-heading\"><strong>Tramita\u00e7\u00e3o<\/strong><\/h4>\n<p>O PL 1765 \u00e9 de autoria do deputado J\u00fanior Ferrari, que o apresentou em 2019. Aprovado, seguiu para an\u00e1lise no Senado.<\/p>\n<p>Antes disso, em 2021, o governo federal prorrogou o prazo de isen\u00e7\u00e3o, n\u00e3o por Medida Provis\u00f3ria, mas no \u00e2mbito do projeto chamado \u201cBR do Mar\u201d. Isso resultou na lei 14301, de 7 de janeiro de 2022, que institui o Programa de Est\u00edmulo ao Transporte de Cabotagem. Na ocasi\u00e3o, estendeu-se at\u00e9 8 de janeiro de 2027 a isen\u00e7\u00e3o para as regi\u00f5es Norte e Nordeste.<\/p>\n<p>Agora, o adicional de frete para renova\u00e7\u00e3o da Marinha Mercante foi estendido at\u00e9 31 de dezembro de 2031. O objetivo \u00e9 evitar a inseguran\u00e7a jur\u00eddica e econ\u00f4mica no mercado de transporte das regi\u00f5es Norte e Nordeste do pa\u00eds.<\/p>\n<p>Fonte: Brasil Norte Comunica\u00e7\u00e3o<\/p>\n","protected":false},"excerpt":{"rendered":"<p>O plen\u00e1rio do Senado aprovou, nesta ter\u00e7a-feira (29), o projeto de lei 1765\/2019, que prorroga at\u00e9 31 de dezembro de 2031, o prazo de vig\u00eancia&#8230;<\/p>\n","protected":false},"author":1527,"featured_media":55048,"comment_status":"closed","ping_status":"closed","sticky":false,"template":"","format":"standard","meta":{"footnotes":""},"categories":[1],"tags":[],"class_list":["post-55046","post","type-post","status-publish","format-standard","has-post-thumbnail","hentry","category-sem-categoria"],"_links":{"self":[{"href":"https:\/\/www.sincomam.org.br\/index.php\/wp-json\/wp\/v2\/posts\/55046","targetHints":{"allow":["GET"]}}],"collection":[{"href":"https:\/\/www.sincomam.org.br\/index.php\/wp-json\/wp\/v2\/posts"}],"about":[{"href":"https:\/\/www.sincomam.org.br\/index.php\/wp-json\/wp\/v2\/types\/post"}],"author":[{"embeddable":true,"href":"https:\/\/www.sincomam.org.br\/index.php\/wp-json\/wp\/v2\/users\/1527"}],"replies":[{"embeddable":true,"href":"https:\/\/www.sincomam.org.br\/index.php\/wp-json\/wp\/v2\/comments?post=55046"}],"version-history":[{"count":1,"href":"https:\/\/www.sincomam.org.br\/index.php\/wp-json\/wp\/v2\/posts\/55046\/revisions"}],"predecessor-version":[{"id":55049,"href":"https:\/\/www.sincomam.org.br\/index.php\/wp-json\/wp\/v2\/posts\/55046\/revisions\/55049"}],"wp:featuredmedia":[{"embeddable":true,"href":"https:\/\/www.sincomam.org.br\/index.php\/wp-json\/wp\/v2\/media\/55048"}],"wp:attachment":[{"href":"https:\/\/www.sincomam.org.br\/index.php\/wp-json\/wp\/v2\/media?parent=55046"}],"wp:term":[{"taxonomy":"category","embeddable":true,"href":"https:\/\/www.sincomam.org.br\/index.php\/wp-json\/wp\/v2\/categories?post=55046"},{"taxonomy":"post_tag","embeddable":true,"href":"https:\/\/www.sincomam.org.br\/index.php\/wp-json\/wp\/v2\/tags?post=55046"}],"curies":[{"name":"wp","href":"https:\/\/api.w.org\/{rel}","templated":true}]}}