{"id":55014,"date":"2024-10-29T13:14:48","date_gmt":"2024-10-29T16:14:48","guid":{"rendered":"http:\/\/www.sincomam.org.br\/?p=55014"},"modified":"2024-10-29T13:14:48","modified_gmt":"2024-10-29T16:14:48","slug":"porto-de-itajai-recebe-maior-navio-de-sua-historia","status":"publish","type":"post","link":"https:\/\/www.sincomam.org.br\/index.php\/porto-de-itajai-recebe-maior-navio-de-sua-historia\/","title":{"rendered":"Porto de Itaja\u00ed recebe maior navio de sua hist\u00f3ria"},"content":{"rendered":"<p><strong>Itaja\u00ed 1<br \/>\n<\/strong>O Porto de Itaja\u00ed (SC) recebeu o maior navio de sua hist\u00f3ria nesse final de semana. O CMA CGM Amaz\u00f4nica, conteineiro com 336 metros de comprimento e 51 metros de largura (boca), atracou na manh\u00e3 de s\u00e1bado, no ber\u00e7o 2 da JBS Terminals, e zarpou nesse domingo. O cargueiro vinha do Porto de Santos (SP) e, ap\u00f3s a opera\u00e7\u00e3o no cais catarinense, realizada pela Seara (do Grupo JBS), rumou para Paranagu\u00e1 (PR).<\/p>\n<p>&nbsp;<\/p>\n<p><strong>Itaja\u00ed 2<br \/>\n<\/strong>Para o superintendente do Porto de Itaja\u00ed, F\u00e1bio da Veiga, a vinda do CMA CGM Amaz\u00f4nia \u00e9 um marco para a retomada das atividades no porto no cen\u00e1rio nacional. O complexo portu\u00e1rio ficou cerca de dois anos sem operar cont\u00eaineres, reiniciando suas atividades neste m\u00eas.<\/p>\n<p>&nbsp;<\/p>\n<p><strong>Ferrovias em alta 1<br \/>\n<\/strong>As ferrovias brasileiras registraram, no \u00faltimo m\u00eas de agosto, o maior volume de cargas transportadas dos \u00faltimos seis anos. Os dados, do Panorama Transportes da Infra S.A., foram publicados na quinta-feira passada e mostram que o setor atingiu a marca com 52,47 milh\u00f5es de toneladas \u00fateis, resultado 9,6% superior ao de agosto de 2023. No acumulado dos oito primeiros meses de 2024, a alta j\u00e1 chega a 4,96% e representa um total de 254,14 milh\u00f5es de toneladas \u00fateis at\u00e9 o momento. No setor a\u00e9reo, as cargas pagas movimentadas tiveram alta de 12% em rela\u00e7\u00e3o a agosto de 2023, com 120,8 milh\u00f5es de quilos em 2024, a varia\u00e7\u00e3o anual desse setor acumulou alta de 9,1%.<\/p>\n<p>&nbsp;<\/p>\n<p><strong>Ferrovias em alta 2<br \/>\n<\/strong>Al\u00e9m dos crescimentos em volume de cargas transportadas, o setor de transportes gerou 13.663 admiss\u00f5es formais em agosto, com destaque para 11.567 novas contrata\u00e7\u00f5es de profissionais que atuam no transporte rodovi\u00e1rio de cargas, segundo dados do Panorama Transportes da Infra S.A..<\/p>\n<p><strong>Absten\u00e7\u00f5es nas elei\u00e7\u00f5es<br \/>\n<\/strong>O \u00edndice de absten\u00e7\u00f5es nesse segundo turno das elei\u00e7\u00f5es municipais brasileiras, realizado nesse domingo, dia 27, chegou a 29,26%, um aumento de mais de sete pontos percentuais em rela\u00e7\u00e3o ao primeiro turno, quando atingiu 21,68%. Em algumas cidades, segundo dados do Tribunal Superior Eleitoral (TSE), o percentual foi superior \u00e0 parcela de votos obtida pelo candidato vitorioso. Esse cen\u00e1rio ser\u00e1 investigado, para se descobrir as causas dessas aus\u00eancias e tentar reduzir o n\u00e3o comparecimento nas elei\u00e7\u00f5es de 2026, disse na noite de domingo a presidenta do TSE, ministra C\u00e1rmen L\u00facia.<\/p>\n<p>Fonte: BENEWS<\/p>\n","protected":false},"excerpt":{"rendered":"<p>Itaja\u00ed 1 O Porto de Itaja\u00ed (SC) recebeu o maior navio de sua hist\u00f3ria nesse final de semana. O CMA CGM Amaz\u00f4nica, conteineiro com 336&#8230;<\/p>\n","protected":false},"author":1527,"featured_media":55016,"comment_status":"closed","ping_status":"closed","sticky":false,"template":"","format":"standard","meta":{"footnotes":""},"categories":[6],"tags":[],"class_list":["post-55014","post","type-post","status-publish","format-standard","has-post-thumbnail","hentry","category-noticias"],"_links":{"self":[{"href":"https:\/\/www.sincomam.org.br\/index.php\/wp-json\/wp\/v2\/posts\/55014","targetHints":{"allow":["GET"]}}],"collection":[{"href":"https:\/\/www.sincomam.org.br\/index.php\/wp-json\/wp\/v2\/posts"}],"about":[{"href":"https:\/\/www.sincomam.org.br\/index.php\/wp-json\/wp\/v2\/types\/post"}],"author":[{"embeddable":true,"href":"https:\/\/www.sincomam.org.br\/index.php\/wp-json\/wp\/v2\/users\/1527"}],"replies":[{"embeddable":true,"href":"https:\/\/www.sincomam.org.br\/index.php\/wp-json\/wp\/v2\/comments?post=55014"}],"version-history":[{"count":1,"href":"https:\/\/www.sincomam.org.br\/index.php\/wp-json\/wp\/v2\/posts\/55014\/revisions"}],"predecessor-version":[{"id":55017,"href":"https:\/\/www.sincomam.org.br\/index.php\/wp-json\/wp\/v2\/posts\/55014\/revisions\/55017"}],"wp:featuredmedia":[{"embeddable":true,"href":"https:\/\/www.sincomam.org.br\/index.php\/wp-json\/wp\/v2\/media\/55016"}],"wp:attachment":[{"href":"https:\/\/www.sincomam.org.br\/index.php\/wp-json\/wp\/v2\/media?parent=55014"}],"wp:term":[{"taxonomy":"category","embeddable":true,"href":"https:\/\/www.sincomam.org.br\/index.php\/wp-json\/wp\/v2\/categories?post=55014"},{"taxonomy":"post_tag","embeddable":true,"href":"https:\/\/www.sincomam.org.br\/index.php\/wp-json\/wp\/v2\/tags?post=55014"}],"curies":[{"name":"wp","href":"https:\/\/api.w.org\/{rel}","templated":true}]}}