{"id":5500,"date":"2014-05-15T08:35:24","date_gmt":"2014-05-15T11:35:24","guid":{"rendered":"http:\/\/www.sincomam.org.br\/?p=5500"},"modified":"2014-05-15T00:52:03","modified_gmt":"2014-05-15T03:52:03","slug":"terminal-no-porto-do-mucuripe-tem-previsao-para-setembro","status":"publish","type":"post","link":"https:\/\/www.sincomam.org.br\/index.php\/terminal-no-porto-do-mucuripe-tem-previsao-para-setembro\/","title":{"rendered":"Terminal no porto do Mucuripe tem previs\u00e3o para setembro"},"content":{"rendered":"<p><strong><em>In\u00edcio das opera\u00e7\u00f5es est\u00e1 previsto para o segundo semestre, segundo o ministro<\/em><\/strong><\/p>\n<p>O Terminal de Passageiros do Porto do Mucuripe estar\u00e1 completo para in\u00edcio das opera\u00e7\u00f5es at\u00e9 setembro. A afirma\u00e7\u00e3o \u00e9 do ministro da SEP (Secretaria Especial de Portos), Ant\u00f4nio Henrique Silveira, durante visita de inspe\u00e7\u00e3o das obras do equipamento.\u00a0 Silveira classificou o ritmo das obras do Porto como satisfat\u00f3rio. O empreendimento custou R$ 205 milh\u00f5es e est\u00e1 com 90% das obras conclu\u00eddas.<\/p>\n<p>O ministro admite que o pr\u00e9dio da esta\u00e7\u00e3o de embarque e desembarque- com 75% das obras conclu\u00eddas \u2013 agrega condi\u00e7\u00f5es para receber os turistas para o Mundial de Futebol, em especial os 3.500 passageiros mexicanos do navio de cruzeiro MSC Divina, que devem chegar \u00e0 Cidade em 16 junho para acompanhar a partida entre Brasil e M\u00e9xico no dia seguinte.<\/p>\n<p>O pavimento superior concentrar\u00e1 restaurantes, bares, lanchonetes, livraria e \u00e1rea para exposi\u00e7\u00e3o e dever\u00e1 ser entregue at\u00e9 agosto. Para garantir o desembarque dos passageiros do navio MSC Divina, o presidente da CDC (Companhia Docas do Cear\u00e1), Paulo Andr\u00e9 Holanda, afirmou que ser\u00e3o disponibilizados cerca de 50 \u00f4nibus para o traslado do ber\u00e7o de atraca\u00e7\u00e3o opcional, utilizado para desembarque de cargas, e localizado a 350 metros da \u00e1rea de check-in.<\/p>\n<p>O ber\u00e7o constru\u00eddo exclusivamente para o desembarque do Terminal de Passageiros encontra-se inviabilizado por causa do assoreamento do local.<\/p>\n<p>Fonte: Guia Mar\u00edtimo<\/p>\n","protected":false},"excerpt":{"rendered":"<p>In\u00edcio das opera\u00e7\u00f5es est\u00e1 previsto para o segundo semestre, segundo o ministro O Terminal de Passageiros do Porto do Mucuripe estar\u00e1 completo para in\u00edcio das&#8230;<\/p>\n","protected":false},"author":1182,"featured_media":5424,"comment_status":"closed","ping_status":"closed","sticky":false,"template":"","format":"standard","meta":{"footnotes":""},"categories":[6],"tags":[727,1167,126,80,656],"class_list":["post-5500","post","type-post","status-publish","format-standard","has-post-thumbnail","hentry","category-noticias","tag-atraso","tag-mucuripe","tag-obras","tag-porto","tag-terminal"],"_links":{"self":[{"href":"https:\/\/www.sincomam.org.br\/index.php\/wp-json\/wp\/v2\/posts\/5500","targetHints":{"allow":["GET"]}}],"collection":[{"href":"https:\/\/www.sincomam.org.br\/index.php\/wp-json\/wp\/v2\/posts"}],"about":[{"href":"https:\/\/www.sincomam.org.br\/index.php\/wp-json\/wp\/v2\/types\/post"}],"author":[{"embeddable":true,"href":"https:\/\/www.sincomam.org.br\/index.php\/wp-json\/wp\/v2\/users\/1182"}],"replies":[{"embeddable":true,"href":"https:\/\/www.sincomam.org.br\/index.php\/wp-json\/wp\/v2\/comments?post=5500"}],"version-history":[{"count":1,"href":"https:\/\/www.sincomam.org.br\/index.php\/wp-json\/wp\/v2\/posts\/5500\/revisions"}],"predecessor-version":[{"id":5501,"href":"https:\/\/www.sincomam.org.br\/index.php\/wp-json\/wp\/v2\/posts\/5500\/revisions\/5501"}],"wp:featuredmedia":[{"embeddable":true,"href":"https:\/\/www.sincomam.org.br\/index.php\/wp-json\/wp\/v2\/media\/5424"}],"wp:attachment":[{"href":"https:\/\/www.sincomam.org.br\/index.php\/wp-json\/wp\/v2\/media?parent=5500"}],"wp:term":[{"taxonomy":"category","embeddable":true,"href":"https:\/\/www.sincomam.org.br\/index.php\/wp-json\/wp\/v2\/categories?post=5500"},{"taxonomy":"post_tag","embeddable":true,"href":"https:\/\/www.sincomam.org.br\/index.php\/wp-json\/wp\/v2\/tags?post=5500"}],"curies":[{"name":"wp","href":"https:\/\/api.w.org\/{rel}","templated":true}]}}