{"id":54991,"date":"2024-10-28T07:25:58","date_gmt":"2024-10-28T10:25:58","guid":{"rendered":"http:\/\/www.sincomam.org.br\/?p=54991"},"modified":"2024-10-28T07:25:58","modified_gmt":"2024-10-28T10:25:58","slug":"porto-de-santos-movimentou-137-milhoes-de-toneladas-em-9-meses","status":"publish","type":"post","link":"https:\/\/www.sincomam.org.br\/index.php\/porto-de-santos-movimentou-137-milhoes-de-toneladas-em-9-meses\/","title":{"rendered":"Porto de Santos movimentou 137 milh\u00f5es de toneladas em 9 meses"},"content":{"rendered":"<p>O Porto de Santos (SP) registrou a movimenta\u00e7\u00e3o de 137,4 milh\u00f5es de toneladas de cargas entre janeiro e setembro de 2024, um aumento de 7,7% em compara\u00e7\u00e3o ao mesmo per\u00edodo de 2023, quando o volume foi de 127,6 milh\u00f5es de toneladas. Nos desembarques, houve um crescimento de 11,2%, totalizando 35,4 milh\u00f5es de toneladas. J\u00e1 os embarques aumentaram 6,5%, chegando a 102,0 milh\u00f5es de toneladas.<\/p>\n<p>Em setembro de 2024, o Porto de Santos movimentou 16 milh\u00f5es de toneladas, uma leve queda de 1,5% em compara\u00e7\u00e3o a setembro de 2023. Mesmo assim, o desempenho acumulado no ano manteve-se forte. Entre os tipos de carga movimentados, os gran\u00e9is s\u00f3lidos somaram 71,6 milh\u00f5es de toneladas no acumulado do ano, um crescimento de 1,7% em rela\u00e7\u00e3o ao ano anterior. O a\u00e7\u00facar foi o destaque desse segmento, com um aumento de 33,0% nas exporta\u00e7\u00f5es. Os gran\u00e9is l\u00edquidos tamb\u00e9m atingiram uma marca hist\u00f3rica de 14,5 milh\u00f5es de toneladas, com crescimento de 2,0% em rela\u00e7\u00e3o ao ano anterior, impulsionados pelo aumento na movimenta\u00e7\u00e3o de \u00f3leo diesel e gas\u00f3leo (+9,8%) e gasolina (+40,7%).<\/p>\n<p>A movimenta\u00e7\u00e3o de cont\u00eaineres tamb\u00e9m teve um desempenho not\u00e1vel. No acumulado do ano, alcan\u00e7ou 44,4 milh\u00f5es de toneladas, um crescimento de 21,6% em rela\u00e7\u00e3o a 2023. Em unidades TEU, o porto registrou 4,0 milh\u00f5es de TEUs, um aumento de 15,8%. Na carga geral solta, o porto movimentou 6,9 milh\u00f5es de toneladas, um aumento de 6,6%, com destaque para a celulose, que cresceu 8,6%.<\/p>\n<p>Fonte: Portos e Navios<\/p>\n","protected":false},"excerpt":{"rendered":"<p>O Porto de Santos (SP) registrou a movimenta\u00e7\u00e3o de 137,4 milh\u00f5es de toneladas de cargas entre janeiro e setembro de 2024, um aumento de 7,7%&#8230;<\/p>\n","protected":false},"author":1527,"featured_media":54993,"comment_status":"closed","ping_status":"closed","sticky":false,"template":"","format":"standard","meta":{"footnotes":""},"categories":[6],"tags":[],"class_list":["post-54991","post","type-post","status-publish","format-standard","has-post-thumbnail","hentry","category-noticias"],"_links":{"self":[{"href":"https:\/\/www.sincomam.org.br\/index.php\/wp-json\/wp\/v2\/posts\/54991","targetHints":{"allow":["GET"]}}],"collection":[{"href":"https:\/\/www.sincomam.org.br\/index.php\/wp-json\/wp\/v2\/posts"}],"about":[{"href":"https:\/\/www.sincomam.org.br\/index.php\/wp-json\/wp\/v2\/types\/post"}],"author":[{"embeddable":true,"href":"https:\/\/www.sincomam.org.br\/index.php\/wp-json\/wp\/v2\/users\/1527"}],"replies":[{"embeddable":true,"href":"https:\/\/www.sincomam.org.br\/index.php\/wp-json\/wp\/v2\/comments?post=54991"}],"version-history":[{"count":1,"href":"https:\/\/www.sincomam.org.br\/index.php\/wp-json\/wp\/v2\/posts\/54991\/revisions"}],"predecessor-version":[{"id":54994,"href":"https:\/\/www.sincomam.org.br\/index.php\/wp-json\/wp\/v2\/posts\/54991\/revisions\/54994"}],"wp:featuredmedia":[{"embeddable":true,"href":"https:\/\/www.sincomam.org.br\/index.php\/wp-json\/wp\/v2\/media\/54993"}],"wp:attachment":[{"href":"https:\/\/www.sincomam.org.br\/index.php\/wp-json\/wp\/v2\/media?parent=54991"}],"wp:term":[{"taxonomy":"category","embeddable":true,"href":"https:\/\/www.sincomam.org.br\/index.php\/wp-json\/wp\/v2\/categories?post=54991"},{"taxonomy":"post_tag","embeddable":true,"href":"https:\/\/www.sincomam.org.br\/index.php\/wp-json\/wp\/v2\/tags?post=54991"}],"curies":[{"name":"wp","href":"https:\/\/api.w.org\/{rel}","templated":true}]}}