{"id":54985,"date":"2024-10-28T06:31:58","date_gmt":"2024-10-28T09:31:58","guid":{"rendered":"http:\/\/www.sincomam.org.br\/?p=54985"},"modified":"2024-10-27T09:50:27","modified_gmt":"2024-10-27T12:50:27","slug":"navio-fica-a-deriva-apos-forte-chuva-atingir-a-praia-das-rosas-na-ilha-do-governador","status":"publish","type":"post","link":"https:\/\/www.sincomam.org.br\/index.php\/navio-fica-a-deriva-apos-forte-chuva-atingir-a-praia-das-rosas-na-ilha-do-governador\/","title":{"rendered":"Navio fica \u00e0 deriva ap\u00f3s forte chuva atingir a Praia das Rosas, na Ilha do Governador"},"content":{"rendered":"<p>A Capitania dos Portos do Rio de Janeiro (CPRJ) informou que, devido aos fortes ventos na Ba\u00eda de Guanabara, o Navio Mercante \u201cAbreu e Lima\u201d, que se encontrava em reparos no Estaleiro Ilha S.A. (EISA), na Ilha do Governador, se desprendeu do cais, ap\u00f3s o rompimento dos cabos de amarra\u00e7\u00e3o, encalhando a cerca de 200 metros do estaleiro.<\/p>\n<p>Imediatamente, o estaleiro acionou tr\u00eas rebocadores que j\u00e1 est\u00e3o realizando a manobra de desencalhe do navio, mantendo-o em seguran\u00e7a. Rebocadores e agentes da Marinha e da Capitania dos Portos atuam para controlar a situa\u00e7\u00e3o do navio que ficou \u00e0 deriva na tarde desta quinta-feira (24) ap\u00f3s uma forte chuva atingir a Praia das Rosas, na Ilha do Governador, na Zona Norte do Rio. Ainda n\u00e3o se sabe se haviam tripulantes no navio.<\/p>\n<p>Fonte: R\u00e1dio 93 FM<\/p>\n","protected":false},"excerpt":{"rendered":"<p>A Capitania dos Portos do Rio de Janeiro (CPRJ) informou que, devido aos fortes ventos na Ba\u00eda de Guanabara, o Navio Mercante \u201cAbreu e Lima\u201d,&#8230;<\/p>\n","protected":false},"author":1527,"featured_media":54987,"comment_status":"closed","ping_status":"closed","sticky":false,"template":"","format":"standard","meta":{"footnotes":""},"categories":[6],"tags":[],"class_list":["post-54985","post","type-post","status-publish","format-standard","has-post-thumbnail","hentry","category-noticias"],"_links":{"self":[{"href":"https:\/\/www.sincomam.org.br\/index.php\/wp-json\/wp\/v2\/posts\/54985","targetHints":{"allow":["GET"]}}],"collection":[{"href":"https:\/\/www.sincomam.org.br\/index.php\/wp-json\/wp\/v2\/posts"}],"about":[{"href":"https:\/\/www.sincomam.org.br\/index.php\/wp-json\/wp\/v2\/types\/post"}],"author":[{"embeddable":true,"href":"https:\/\/www.sincomam.org.br\/index.php\/wp-json\/wp\/v2\/users\/1527"}],"replies":[{"embeddable":true,"href":"https:\/\/www.sincomam.org.br\/index.php\/wp-json\/wp\/v2\/comments?post=54985"}],"version-history":[{"count":1,"href":"https:\/\/www.sincomam.org.br\/index.php\/wp-json\/wp\/v2\/posts\/54985\/revisions"}],"predecessor-version":[{"id":54988,"href":"https:\/\/www.sincomam.org.br\/index.php\/wp-json\/wp\/v2\/posts\/54985\/revisions\/54988"}],"wp:featuredmedia":[{"embeddable":true,"href":"https:\/\/www.sincomam.org.br\/index.php\/wp-json\/wp\/v2\/media\/54987"}],"wp:attachment":[{"href":"https:\/\/www.sincomam.org.br\/index.php\/wp-json\/wp\/v2\/media?parent=54985"}],"wp:term":[{"taxonomy":"category","embeddable":true,"href":"https:\/\/www.sincomam.org.br\/index.php\/wp-json\/wp\/v2\/categories?post=54985"},{"taxonomy":"post_tag","embeddable":true,"href":"https:\/\/www.sincomam.org.br\/index.php\/wp-json\/wp\/v2\/tags?post=54985"}],"curies":[{"name":"wp","href":"https:\/\/api.w.org\/{rel}","templated":true}]}}