{"id":54897,"date":"2024-10-23T12:16:52","date_gmt":"2024-10-23T15:16:52","guid":{"rendered":"http:\/\/www.sincomam.org.br\/?p=54897"},"modified":"2024-10-23T12:16:52","modified_gmt":"2024-10-23T15:16:52","slug":"superestaleiro-da-marinha-chega-para-fortalecer-a-frota-naval-brasileira-em-alto-mar","status":"publish","type":"post","link":"https:\/\/www.sincomam.org.br\/index.php\/superestaleiro-da-marinha-chega-para-fortalecer-a-frota-naval-brasileira-em-alto-mar\/","title":{"rendered":"Superestaleiro da Marinha chega para fortalecer a frota naval brasileira em alto-mar"},"content":{"rendered":"<p>A Marinha do Brasil acaba de anunciar a cria\u00e7\u00e3o do\u00a0Estaleiro de Manuten\u00e7\u00e3o da Ilha da Madeira\u00a0(EMIM), que ser\u00e1 respons\u00e1vel por realizar a manuten\u00e7\u00e3o de navios, com foco especial nos submarinos. Localizado em Itagua\u00ed, no Rio de Janeiro, o estaleiro vai atuar tamb\u00e9m como uma base portu\u00e1ria para apoiar a frota naval do pa\u00eds.<\/p>\n<p>A medida, oficializada pela\u00a0<a href=\"https:\/\/www.in.gov.br\/en\/web\/dou\/-\/portaria-n-237\/mb\/md-de-17-de-outubro-de-2024-591393392\">Portaria n\u00ba 237\/MB\/MD<\/a>, publicada nesta segunda-feira, 21 de outubro de 2024, tem como objetivo fortalecer as capacidades operacionais da Marinha. A nova Organiza\u00e7\u00e3o Militar ser\u00e1 subordinada \u00e0 Diretoria Industrial da Marinha e ficar\u00e1 sob o comando de um Capit\u00e3o de Fragata, que pode pertencer ao Corpo da Armada ou ao Corpo de Engenheiros.<\/p>\n<p>Durante o per\u00edodo de implanta\u00e7\u00e3o, o Estaleiro ter\u00e1 um n\u00facleo espec\u00edfico para cuidar da sua estrutura\u00e7\u00e3o f\u00edsica e administrativa, o N\u00facleo de Implanta\u00e7\u00e3o do Estaleiro de Manuten\u00e7\u00e3o da Ilha da Madeira (NI-EMIM), que funcionar\u00e1 de forma provis\u00f3ria at\u00e9 a inaugura\u00e7\u00e3o oficial.<\/p>\n<p>Fonte: Sociedade Militar<\/p>\n","protected":false},"excerpt":{"rendered":"<p>A Marinha do Brasil acaba de anunciar a cria\u00e7\u00e3o do\u00a0Estaleiro de Manuten\u00e7\u00e3o da Ilha da Madeira\u00a0(EMIM), que ser\u00e1 respons\u00e1vel por realizar a manuten\u00e7\u00e3o de navios,&#8230;<\/p>\n","protected":false},"author":1527,"featured_media":54899,"comment_status":"closed","ping_status":"closed","sticky":false,"template":"","format":"standard","meta":{"footnotes":""},"categories":[6],"tags":[],"class_list":["post-54897","post","type-post","status-publish","format-standard","has-post-thumbnail","hentry","category-noticias"],"_links":{"self":[{"href":"https:\/\/www.sincomam.org.br\/index.php\/wp-json\/wp\/v2\/posts\/54897","targetHints":{"allow":["GET"]}}],"collection":[{"href":"https:\/\/www.sincomam.org.br\/index.php\/wp-json\/wp\/v2\/posts"}],"about":[{"href":"https:\/\/www.sincomam.org.br\/index.php\/wp-json\/wp\/v2\/types\/post"}],"author":[{"embeddable":true,"href":"https:\/\/www.sincomam.org.br\/index.php\/wp-json\/wp\/v2\/users\/1527"}],"replies":[{"embeddable":true,"href":"https:\/\/www.sincomam.org.br\/index.php\/wp-json\/wp\/v2\/comments?post=54897"}],"version-history":[{"count":1,"href":"https:\/\/www.sincomam.org.br\/index.php\/wp-json\/wp\/v2\/posts\/54897\/revisions"}],"predecessor-version":[{"id":54900,"href":"https:\/\/www.sincomam.org.br\/index.php\/wp-json\/wp\/v2\/posts\/54897\/revisions\/54900"}],"wp:featuredmedia":[{"embeddable":true,"href":"https:\/\/www.sincomam.org.br\/index.php\/wp-json\/wp\/v2\/media\/54899"}],"wp:attachment":[{"href":"https:\/\/www.sincomam.org.br\/index.php\/wp-json\/wp\/v2\/media?parent=54897"}],"wp:term":[{"taxonomy":"category","embeddable":true,"href":"https:\/\/www.sincomam.org.br\/index.php\/wp-json\/wp\/v2\/categories?post=54897"},{"taxonomy":"post_tag","embeddable":true,"href":"https:\/\/www.sincomam.org.br\/index.php\/wp-json\/wp\/v2\/tags?post=54897"}],"curies":[{"name":"wp","href":"https:\/\/api.w.org\/{rel}","templated":true}]}}