{"id":54893,"date":"2024-10-23T11:44:12","date_gmt":"2024-10-23T14:44:12","guid":{"rendered":"http:\/\/www.sincomam.org.br\/?p=54893"},"modified":"2024-10-23T12:24:21","modified_gmt":"2024-10-23T15:24:21","slug":"capitania-dos-portos-do-rio-de-janeiro-celebra-178-anos-com-homenagens-e-presenca-de-autoridades","status":"publish","type":"post","link":"https:\/\/www.sincomam.org.br\/index.php\/capitania-dos-portos-do-rio-de-janeiro-celebra-178-anos-com-homenagens-e-presenca-de-autoridades\/","title":{"rendered":"Capitania dos Portos do Rio de Janeiro celebra 178 anos com homenagens e presen\u00e7a de autoridades"},"content":{"rendered":"<p>Nesta ter\u00e7a-feira, a Capitania dos Portos do Rio de Janeiro (CPRJ) celebrou seu anivers\u00e1rio de 178\u00ba anos, com uma cerim\u00f4nia alusiva, que reuniu chefes navais, ex-capit\u00e3es dos portos e representantes da comunidade mar\u00edtima. O evento foi uma demonstra\u00e7\u00e3o de respeito e tradi\u00e7\u00e3o, destacando o papel fundamental da CPRJ na seguran\u00e7a do tr\u00e1fego aquavi\u00e1rio desde sua cria\u00e7\u00e3o, em 1846.<\/p>\n<h3>Hist\u00f3ria e Legado da CPRJ<\/h3>\n<p>Fundada em 19 de maio de 1846, a Capitania dos Portos do Rio de Janeiro desempenha um papel central na regula\u00e7\u00e3o e seguran\u00e7a do tr\u00e1fego aquavi\u00e1rio na regi\u00e3o. Sua cria\u00e7\u00e3o marcou o in\u00edcio de uma trajet\u00f3ria que ajudou a moldar a organiza\u00e7\u00e3o e o controle das vias mar\u00edtimas, garantindo seguran\u00e7a e efici\u00eancia para embarca\u00e7\u00f5es que navegam pela costa fluminense. A CPRJ \u00e9 subordinada ao Comando do 1\u00ba Distrito Naval e tem sob sua responsabilidade a Ag\u00eancia da Capitania dos Portos em Paraty, al\u00e9m das Delegacias de Angra dos Reis e Itacuru\u00e7\u00e1.<\/p>\n<p>Ao longo de seus 178 anos, a Capitania dos Portos foi comandada por diversos oficiais de destaque na hist\u00f3ria da Marinha do\u00a0Brasil, sendo um dos mais ilustres o ent\u00e3o Capit\u00e3o de Mar e Guerra Joaquim Marques Lisboa, que chefiou a CPRJ de 1852 a 1854. Futuramente, ele seria conhecido como Almirante Tamandar\u00e9, o patrono da\u00a0Marinha do Brasil. A trajet\u00f3ria de Tamandar\u00e9 na CPRJ simboliza a tradi\u00e7\u00e3o e a import\u00e2ncia desta organiza\u00e7\u00e3o, que continua a ser refer\u00eancia em seguran\u00e7a e disciplina naval.<\/p>\n<h3>Evento de Comemora\u00e7\u00e3o dos 178 Anos<\/h3>\n<p>A celebra\u00e7\u00e3o dos 178 anos da CPRJ foi marcada por uma cerim\u00f4nia solene, realizada no Comando do 1\u00ba Distrito Naval, na qual participaram diversas autoridades, incluindo o Vice-Almirante Lobo, Comandante do 1\u00ba DN, e o Capit\u00e3o dos Portos, CMG Calixto. Durante o evento, foram feitas homenagens a ex-capit\u00e3es dos portos, reconhecendo seus servi\u00e7os prestados e refor\u00e7ando a liga\u00e7\u00e3o entre passado e presente da Capitania.<\/p>\n<p>Representantes da Sociedade dos Amigos da Marinha do Rio de Janeiro (Soamar-RJ) e membros da comunidade mar\u00edtima tamb\u00e9m estiveram presentes, refor\u00e7ando a import\u00e2ncia da colabora\u00e7\u00e3o entre a Marinha e a sociedade civil. Nos discursos, foi enfatizada a relev\u00e2ncia da CPRJ na manuten\u00e7\u00e3o da seguran\u00e7a aquavi\u00e1ria e o esfor\u00e7o cont\u00ednuo para aprimorar suas opera\u00e7\u00f5es e fortalecer a prote\u00e7\u00e3o das \u00e1guas brasileiras.<\/p>\n<h3>CPRJ e o Futuro da Seguran\u00e7a Aquavi\u00e1ria<\/h3>\n<p>A Capitania dos Portos do Rio de Janeiro enfrenta desafios cada vez mais complexos em um cen\u00e1rio de crescimento do tr\u00e1fego mar\u00edtimo e de novas demandas ambientais e tecnol\u00f3gicas. Para responder a essas exig\u00eancias, a CPRJ tem investido em moderniza\u00e7\u00e3o e capacita\u00e7\u00e3o de seus profissionais, garantindo que seus sistemas de monitoramento e controle estejam atualizados e eficazes. Entre as iniciativas recentes, destaca-se a intensifica\u00e7\u00e3o de parcerias com \u00f3rg\u00e3os civis e militares, al\u00e9m de programas de conscientiza\u00e7\u00e3o para navegantes e operadores de embarca\u00e7\u00f5es.<\/p>\n<p>A colabora\u00e7\u00e3o com organiza\u00e7\u00f5es como a Soamar RJ \u00e9 um exemplo de como a CPRJ busca estreitar la\u00e7os com a comunidade mar\u00edtima, promovendo um ambiente mais seguro e colaborativo para todos os envolvidos. Esses esfor\u00e7os n\u00e3o apenas fortalecem a seguran\u00e7a das opera\u00e7\u00f5es mar\u00edtimas, mas tamb\u00e9m ajudam a disseminar uma cultura de responsabilidade e respeito pelas normas de navega\u00e7\u00e3o.<\/p>\n<p>Olhar para o futuro significa manter viva a tradi\u00e7\u00e3o e o legado da Capitania dos Portos, enquanto se adapta e evolui para atender \u00e0s necessidades de um mundo em constante mudan\u00e7a. Eventos como a comemora\u00e7\u00e3o alusiva ao anivers\u00e1rio de 178 anos s\u00e3o importantes para celebrar conquistas, relembrar desafios superados e inspirar as pr\u00f3ximas gera\u00e7\u00f5es a continuar a miss\u00e3o de proteger e servir as \u00e1guas brasileiras. Avante CPRJ, a todo pano!<\/p>\n<p>Fonte: Defesa em Foco<\/p>\n","protected":false},"excerpt":{"rendered":"<p>Nesta ter\u00e7a-feira, a Capitania dos Portos do Rio de Janeiro (CPRJ) celebrou seu anivers\u00e1rio de 178\u00ba anos, com uma cerim\u00f4nia alusiva, que reuniu chefes navais,&#8230;<\/p>\n","protected":false},"author":1527,"featured_media":54895,"comment_status":"closed","ping_status":"closed","sticky":false,"template":"","format":"standard","meta":{"footnotes":""},"categories":[6],"tags":[],"class_list":["post-54893","post","type-post","status-publish","format-standard","has-post-thumbnail","hentry","category-noticias"],"_links":{"self":[{"href":"https:\/\/www.sincomam.org.br\/index.php\/wp-json\/wp\/v2\/posts\/54893","targetHints":{"allow":["GET"]}}],"collection":[{"href":"https:\/\/www.sincomam.org.br\/index.php\/wp-json\/wp\/v2\/posts"}],"about":[{"href":"https:\/\/www.sincomam.org.br\/index.php\/wp-json\/wp\/v2\/types\/post"}],"author":[{"embeddable":true,"href":"https:\/\/www.sincomam.org.br\/index.php\/wp-json\/wp\/v2\/users\/1527"}],"replies":[{"embeddable":true,"href":"https:\/\/www.sincomam.org.br\/index.php\/wp-json\/wp\/v2\/comments?post=54893"}],"version-history":[{"count":1,"href":"https:\/\/www.sincomam.org.br\/index.php\/wp-json\/wp\/v2\/posts\/54893\/revisions"}],"predecessor-version":[{"id":54896,"href":"https:\/\/www.sincomam.org.br\/index.php\/wp-json\/wp\/v2\/posts\/54893\/revisions\/54896"}],"wp:featuredmedia":[{"embeddable":true,"href":"https:\/\/www.sincomam.org.br\/index.php\/wp-json\/wp\/v2\/media\/54895"}],"wp:attachment":[{"href":"https:\/\/www.sincomam.org.br\/index.php\/wp-json\/wp\/v2\/media?parent=54893"}],"wp:term":[{"taxonomy":"category","embeddable":true,"href":"https:\/\/www.sincomam.org.br\/index.php\/wp-json\/wp\/v2\/categories?post=54893"},{"taxonomy":"post_tag","embeddable":true,"href":"https:\/\/www.sincomam.org.br\/index.php\/wp-json\/wp\/v2\/tags?post=54893"}],"curies":[{"name":"wp","href":"https:\/\/api.w.org\/{rel}","templated":true}]}}