{"id":54885,"date":"2024-10-23T11:40:00","date_gmt":"2024-10-23T14:40:00","guid":{"rendered":"http:\/\/www.sincomam.org.br\/?p=54885"},"modified":"2024-10-23T11:40:00","modified_gmt":"2024-10-23T14:40:00","slug":"mpor-e-atp-assinam-acordo-para-sustentabilidade-portuaria","status":"publish","type":"post","link":"https:\/\/www.sincomam.org.br\/index.php\/mpor-e-atp-assinam-acordo-para-sustentabilidade-portuaria\/","title":{"rendered":"MPor e ATP assinam acordo para sustentabilidade portu\u00e1ria"},"content":{"rendered":"<p>O Minist\u00e9rio de Portos e Aeroportos (MPor) e a Associa\u00e7\u00e3o de Terminais Portu\u00e1rios Privados (ATP) firmar\u00e3o, na pr\u00f3xima quinta-feira (24), um acordo de coopera\u00e7\u00e3o t\u00e9cnica voltado \u00e0 promo\u00e7\u00e3o da sustentabilidade e inova\u00e7\u00e3o no setor portu\u00e1rio. A assinatura ocorrer\u00e1 durante o 11\u00ba Encontro ATP, cujo tema este ano ser\u00e1 &#8220;Transi\u00e7\u00e3o Energ\u00e9tica no Transporte Mar\u00edtimo \u2013 Amea\u00e7as e Oportunidades para os Terminais Portu\u00e1rios Brasileiros&#8221;, que reunir\u00e1 especialistas nacionais e internacionais para discutir combust\u00edveis mar\u00edtimos renov\u00e1veis e iniciativas de descarboniza\u00e7\u00e3o.<\/p>\n<p>O acordo busca fomentar a colabora\u00e7\u00e3o entre as partes para a realiza\u00e7\u00e3o de estudos t\u00e9cnicos, compartilhamento de dados e desenvolvimento de melhores pr\u00e1ticas sustent\u00e1veis. Entre as a\u00e7\u00f5es, est\u00e3o previstas a participa\u00e7\u00e3o em workshops e a cria\u00e7\u00e3o de relat\u00f3rios voltados \u00e0 constru\u00e7\u00e3o de uma pol\u00edtica de sustentabilidade no setor.<\/p>\n<p>O compromisso ter\u00e1 dura\u00e7\u00e3o de dois anos. A associa\u00e7\u00e3o destacou que a descarboniza\u00e7\u00e3o no transporte mar\u00edtimo \u00e9 uma prioridade global, j\u00e1 que o setor responde por 3% das emiss\u00f5es de gases de efeito estufa (GEE) no mundo. A Organiza\u00e7\u00e3o Mar\u00edtima Internacional (IMO) estabeleceu a meta de atingir emiss\u00f5es l\u00edquidas zero at\u00e9 2050, e o Brasil, como membro, dever\u00e1 alinhar suas opera\u00e7\u00f5es a essa meta.<\/p>\n<p>O evento, que ocorrer\u00e1 no Clube Naval de Bras\u00edlia, contar\u00e1 com a presen\u00e7a de Mariana Pescatori, secret\u00e1ria-executiva do MPor, que far\u00e1 a palestra magna. Tamb\u00e9m ser\u00e3o apresentados cases de sucesso internacionais, como o da Funda\u00e7\u00e3o Valenciaport, ligada \u00e0 Autoridade Portu\u00e1ria de Val\u00eancia, Espanha, que discutir\u00e1 as iniciativas de descarboniza\u00e7\u00e3o em um dos maiores portos da Europa. Al\u00e9m das discuss\u00f5es, o 2\u00ba Pr\u00eamio ATP ser\u00e1 entregue no evento, premiando as melhores pr\u00e1ticas em inova\u00e7\u00e3o tecnol\u00f3gica e impacto social no sistema portu\u00e1rio privado brasileiro.<\/p>\n<p>Fonte: Portos e Navios<\/p>\n","protected":false},"excerpt":{"rendered":"<p>O Minist\u00e9rio de Portos e Aeroportos (MPor) e a Associa\u00e7\u00e3o de Terminais Portu\u00e1rios Privados (ATP) firmar\u00e3o, na pr\u00f3xima quinta-feira (24), um acordo de coopera\u00e7\u00e3o t\u00e9cnica&#8230;<\/p>\n","protected":false},"author":1527,"featured_media":54887,"comment_status":"closed","ping_status":"closed","sticky":false,"template":"","format":"standard","meta":{"footnotes":""},"categories":[6],"tags":[],"class_list":["post-54885","post","type-post","status-publish","format-standard","has-post-thumbnail","hentry","category-noticias"],"_links":{"self":[{"href":"https:\/\/www.sincomam.org.br\/index.php\/wp-json\/wp\/v2\/posts\/54885","targetHints":{"allow":["GET"]}}],"collection":[{"href":"https:\/\/www.sincomam.org.br\/index.php\/wp-json\/wp\/v2\/posts"}],"about":[{"href":"https:\/\/www.sincomam.org.br\/index.php\/wp-json\/wp\/v2\/types\/post"}],"author":[{"embeddable":true,"href":"https:\/\/www.sincomam.org.br\/index.php\/wp-json\/wp\/v2\/users\/1527"}],"replies":[{"embeddable":true,"href":"https:\/\/www.sincomam.org.br\/index.php\/wp-json\/wp\/v2\/comments?post=54885"}],"version-history":[{"count":1,"href":"https:\/\/www.sincomam.org.br\/index.php\/wp-json\/wp\/v2\/posts\/54885\/revisions"}],"predecessor-version":[{"id":54888,"href":"https:\/\/www.sincomam.org.br\/index.php\/wp-json\/wp\/v2\/posts\/54885\/revisions\/54888"}],"wp:featuredmedia":[{"embeddable":true,"href":"https:\/\/www.sincomam.org.br\/index.php\/wp-json\/wp\/v2\/media\/54887"}],"wp:attachment":[{"href":"https:\/\/www.sincomam.org.br\/index.php\/wp-json\/wp\/v2\/media?parent=54885"}],"wp:term":[{"taxonomy":"category","embeddable":true,"href":"https:\/\/www.sincomam.org.br\/index.php\/wp-json\/wp\/v2\/categories?post=54885"},{"taxonomy":"post_tag","embeddable":true,"href":"https:\/\/www.sincomam.org.br\/index.php\/wp-json\/wp\/v2\/tags?post=54885"}],"curies":[{"name":"wp","href":"https:\/\/api.w.org\/{rel}","templated":true}]}}