{"id":54876,"date":"2024-10-22T11:32:21","date_gmt":"2024-10-22T14:32:21","guid":{"rendered":"http:\/\/www.sincomam.org.br\/?p=54876"},"modified":"2024-10-22T11:33:07","modified_gmt":"2024-10-22T14:33:07","slug":"ciclone-extratropical-deve-atingir-sul-do-brasil-nesta-semana-rajadas-podem-superar-os-100-km-h","status":"publish","type":"post","link":"https:\/\/www.sincomam.org.br\/index.php\/ciclone-extratropical-deve-atingir-sul-do-brasil-nesta-semana-rajadas-podem-superar-os-100-km-h\/","title":{"rendered":"Ciclone extratropical deve atingir Sul do Brasil nesta semana; rajadas podem superar os 100 km\/h"},"content":{"rendered":"<div id=\"chunk-4nt9o\">\n<div class=\"mc-column content-text active-extra-styles \" data-block-type=\"unstyled\" data-block-weight=\"36\" data-block-id=\"2\">\n<p class=\" content-text__container \" data-track-category=\"Link no Texto\" data-track-links=\"\" data-mrf-recirculation=\"Article links\">Um novo ciclone extratropical que deve se formar a partir de quarta-feira (23) entre o Uruguai e o Rio Grande do Sul tem\u00a0potencial para causar fortes ventos na regi\u00e3o Sul\u00a0at\u00e9 o fim da semana.<\/p>\n<\/div>\n<\/div>\n<div class=\"wall protected-content\">\n<div id=\"chunk-kbqg\">\n<div class=\"mc-column content-text active-extra-styles \" data-block-type=\"unstyled\" data-block-weight=\"18\" data-block-id=\"4\">\n<p class=\" content-text__container \" data-track-category=\"Link no Texto\" data-track-links=\"\" data-mrf-recirculation=\"Article links\">De acordo com o Instituto Nacional de Meteorologia (Inmet), as\u00a0rajadas\u00a0de vento podem\u00a0superar os 100 km\/h.<\/p>\n<\/div>\n<\/div>\n<div id=\"chunk-cd2rd\">\n<div class=\"mc-column content-text active-extra-styles \" data-block-type=\"unstyled\" data-block-weight=\"26\" data-block-id=\"5\">\n<p class=\" content-text__container \" data-track-category=\"Link no Texto\" data-track-links=\"\" data-mrf-recirculation=\"Article links\">Ainda segundo o Inmet, as \u00e1reas de instabilidade causadas pelo calor e a umidade associada ao ciclone tamb\u00e9m devem provocar fortes pancadas de chuva na regi\u00e3o.<\/p>\n<\/div>\n<\/div>\n<div id=\"chunk-32k\">\n<div class=\"mc-column content-text active-extra-styles \" data-block-type=\"unstyled\" data-block-weight=\"30\" data-block-id=\"6\">\n<p class=\" content-text__container \" data-track-category=\"Link no Texto\" data-track-links=\"\" data-mrf-recirculation=\"Article links\">Os\u00a0ciclones extratropicais\u00a0s\u00e3o sistemas de baixa press\u00e3o atmosf\u00e9rica que surgem normalmente em latitudes m\u00e9dias. Eles s\u00e3o formados pelo\u00a0contraste de temperaturas de diferentes massas de ar\u00a0(quente e fria).<\/p>\n<p data-track-category=\"Link no Texto\" data-track-links=\"\" data-mrf-recirculation=\"Article links\">Caetano Mancini, mestre em meteorologia pela Universidade Federal do Rio de Janeiro (UFRJ), explica que os modelos j\u00e1 indicavam essa forma\u00e7\u00e3o desde semana passada e mostram grande potencial para poss\u00edveis danos.<\/p>\n<div id=\"chunk-brfpo\">\n<div class=\"mc-column content-text active-extra-styles \" data-block-type=\"unstyled\" data-block-weight=\"16\" data-block-id=\"11\">\n<p class=\" content-text__container \" data-track-category=\"Link no Texto\" data-track-links=\"\" data-mrf-recirculation=\"Article links\">Ele ainda comenta que a previs\u00e3o \u00e9 que o ciclone traga\u00a0mais ventania do que chuva.<\/p>\n<\/div>\n<\/div>\n<div id=\"chunk-9t4fn\">\n<div class=\"row medium-uncollapsed content-media content-gifv\" data-block-type=\"backstage-gif\" data-block-id=\"12\">\n<div class=\" mc-column content-media__container\">\n<div id=\"chunk-8ola4\">\n<div class=\"mc-column content-text active-extra-styles \" data-block-type=\"unstyled\" data-block-weight=\"41\" data-block-id=\"14\">\n<p class=\" content-text__container \" data-track-category=\"Link no Texto\" data-track-links=\"\" data-mrf-recirculation=\"Article links\">Os\u00a0efeitos do ciclone\u00a0devem come\u00e7ar a ser sentidos\u00a0a partir da madrugada de quinta-feira (24) no Sul\u00a0e a partir da tarde desse mesmo dia no Sudeste, principalmente em S\u00e3o Paulo.<em>\u00a0<\/em><\/p>\n<\/div>\n<\/div>\n<div id=\"chunk-625dh\">\n<div class=\"mc-column content-text active-extra-styles \" data-block-type=\"unstyled\" data-block-weight=\"31\" data-block-id=\"15\">\n<p class=\" content-text__container \" data-track-category=\"Link no Texto\" data-track-links=\"\" data-mrf-recirculation=\"Article links\">\u26a0\ufe0fMacini ainda pondera que, apesar da previs\u00e3o de ventos fortes e chuvas, como consequ\u00eancia do ciclone, a\u00a0ventania n\u00e3o deve ser igual a\u00a0observada em 11 de outubro em S\u00e3o Paulo.<\/p>\n<div class=\"glb-grid\">\n<p>&nbsp;<\/p>\n<div class=\"mc-article-body\">\n<article>\n<div class=\"wall protected-content\">\n<div id=\"chunk-3nqci\">\n<div class=\"mc-column content-text active-extra-styles\" data-block-type=\"raw\" data-block-weight=\"3\" data-block-id=\"19\">\n<div class=\"content-intertitle\">\n<h2>Avan\u00e7o do ciclone<\/h2>\n<\/div>\n<p>De acordo com o Inmet, na quarta-feira (23) &#8220;\u00e1reas de instabilidade associadas a um centro de baixa press\u00e3o ir\u00e3o dar origem a um novo ciclone extratropical&#8221;.<\/p>\n<\/div>\n<\/div>\n<div id=\"chunk-fpe1e\">\n<div class=\"mc-column content-text active-extra-styles \" data-block-type=\"unstyled\" data-block-weight=\"27\" data-block-id=\"21\">\n<p class=\" content-text__container \" data-track-category=\"Link no Texto\" data-track-links=\"\" data-mrf-recirculation=\"Article links\">O ciclone come\u00e7ar a avan\u00e7ar para o pa\u00eds pelo oeste e sul do Rio Grande do Sul, provocando volumes significativos de chuva e ventos fortes na regi\u00e3o.<\/p>\n<\/div>\n<\/div>\n<div id=\"chunk-ftrh0\">\n<div class=\"mc-column content-text active-extra-styles \" data-block-type=\"unstyled\" data-block-weight=\"36\" data-block-id=\"22\">\n<p class=\" content-text__container \" data-track-category=\"Link no Texto\" data-track-links=\"\" data-mrf-recirculation=\"Article links\">J\u00e1 na quinta-feira (24), o sistema ganha for\u00e7a no Uruguai e norte de Argentina e segue avan\u00e7ando pelo Rio Grande do Sul, causando fortes instabilidades principalmente no oeste e parte do centro e sul do estado.<\/p>\n<\/div>\n<\/div>\n<div id=\"chunk-6cok2\">\n<div class=\"row medium-uncollapsed content-media content-gifv\" data-block-type=\"backstage-gif\" data-block-id=\"23\">\n<div class=\" mc-column content-media__container\">\n<p class=\"content-media__description \">Mapa de press\u00e3o atmosf\u00e9rica mostra a forma\u00e7\u00e3o e avan\u00e7o do ciclone entre o Uruguai e o Rio Grande do Sul, representado pela letra L. \u2014 Foto: Inmet<\/p>\n<\/div>\n<\/div>\n<\/div>\n<div id=\"chunk-84jji\">\n<div class=\"mc-column content-text active-extra-styles \" data-block-type=\"unstyled\" data-block-weight=\"33\" data-block-id=\"24\">\n<p class=\" content-text__container \" data-track-category=\"Link no Texto\" data-track-links=\"\" data-mrf-recirculation=\"Article links\">Na sexta-feira (25), o ciclone deve avan\u00e7ar para alto-mar. A frente fria que segue o ciclone deve passar rapidamente pelos estados do Sul e j\u00e1 atingir o Esp\u00edrito Santo no fim de semana.<\/p>\n<\/div>\n<\/div>\n<div id=\"chunk-8jl5m\">\n<div class=\"content-ads content-ads--reveal\" data-block-type=\"ads\" data-block-id=\"25\">\n<div class=\"tag-manager-publicidade-container mc-has-reveal mc-has-ad-lazyload\" data-id=\"banner_materia__8e8e4456-26da-4ecf-be3c-803bcfb8582b\">Ainda segundo o Inmet, as regi\u00f5es mais atingidas devem ser aquelas que fazem fronteira com Uruguai, Norte da Argentina e Paraguai.<\/div>\n<\/div>\n<\/div>\n<div id=\"chunk-10uuk\">\n<div class=\"mc-column content-text active-extra-styles \" data-block-type=\"unstyled\" data-block-weight=\"26\" data-block-id=\"27\">\n<p class=\" content-text__container \" data-track-category=\"Link no Texto\" data-track-links=\"\" data-mrf-recirculation=\"Article links\">Em todo o estado, os\u00a0ventos devem variar entre 50 km\/h e 70 km\/h, com rajadas que podem superar os 100 km\/h\u00a0nos locais mais afetados.<\/p>\n<\/div>\n<\/div>\n<div id=\"chunk-48a30\">\n<div class=\"show-multicontent-block\">\n<div class=\"show-multicontent-block-container\" data-track-category=\"multicontent\" data-track-action=\"show-multicontent-block\" data-track-scroll=\"view | Sabemos mais sobre o espa\u00e7o do que sobre o oceano? | \" data-block-type=\"mini-post\" data-block-id=\"28\">\n<div class=\"show-multicontent-block mc-column\" data-track-action=\"Click\">\n<div class=\"show-multicontent-block__thumbnail-wrapper\" data-track-click=\"click midia | Sabemos mais sobre o espa\u00e7o do que sobre o oceano? | \">\n<div class=\"style__Wrapper-sc-jfshyc-0 jLuEuT\">\n<div class=\"style__Layout-sc-jfshyc-1 style__Responsive-sc-jfshyc-3 hNmmBf\">Fonte: G1<\/div>\n<\/div>\n<\/div>\n<\/div>\n<\/div>\n<\/div>\n<\/div>\n<\/div>\n<\/article>\n<\/div>\n<\/div>\n<\/div>\n<div data-v-8ebec040=\"\"><\/div>\n<\/div>\n<\/div>\n<\/div>\n<\/div>\n<\/div>\n<\/div>\n<\/div>\n","protected":false},"excerpt":{"rendered":"<p>Um novo ciclone extratropical que deve se formar a partir de quarta-feira (23) entre o Uruguai e o Rio Grande do Sul tem\u00a0potencial para causar&#8230;<\/p>\n","protected":false},"author":1527,"featured_media":54878,"comment_status":"closed","ping_status":"closed","sticky":false,"template":"","format":"standard","meta":{"footnotes":""},"categories":[6],"tags":[],"class_list":["post-54876","post","type-post","status-publish","format-standard","has-post-thumbnail","hentry","category-noticias"],"_links":{"self":[{"href":"https:\/\/www.sincomam.org.br\/index.php\/wp-json\/wp\/v2\/posts\/54876","targetHints":{"allow":["GET"]}}],"collection":[{"href":"https:\/\/www.sincomam.org.br\/index.php\/wp-json\/wp\/v2\/posts"}],"about":[{"href":"https:\/\/www.sincomam.org.br\/index.php\/wp-json\/wp\/v2\/types\/post"}],"author":[{"embeddable":true,"href":"https:\/\/www.sincomam.org.br\/index.php\/wp-json\/wp\/v2\/users\/1527"}],"replies":[{"embeddable":true,"href":"https:\/\/www.sincomam.org.br\/index.php\/wp-json\/wp\/v2\/comments?post=54876"}],"version-history":[{"count":2,"href":"https:\/\/www.sincomam.org.br\/index.php\/wp-json\/wp\/v2\/posts\/54876\/revisions"}],"predecessor-version":[{"id":54880,"href":"https:\/\/www.sincomam.org.br\/index.php\/wp-json\/wp\/v2\/posts\/54876\/revisions\/54880"}],"wp:featuredmedia":[{"embeddable":true,"href":"https:\/\/www.sincomam.org.br\/index.php\/wp-json\/wp\/v2\/media\/54878"}],"wp:attachment":[{"href":"https:\/\/www.sincomam.org.br\/index.php\/wp-json\/wp\/v2\/media?parent=54876"}],"wp:term":[{"taxonomy":"category","embeddable":true,"href":"https:\/\/www.sincomam.org.br\/index.php\/wp-json\/wp\/v2\/categories?post=54876"},{"taxonomy":"post_tag","embeddable":true,"href":"https:\/\/www.sincomam.org.br\/index.php\/wp-json\/wp\/v2\/tags?post=54876"}],"curies":[{"name":"wp","href":"https:\/\/api.w.org\/{rel}","templated":true}]}}