{"id":54869,"date":"2024-10-22T11:27:17","date_gmt":"2024-10-22T14:27:17","guid":{"rendered":"http:\/\/www.sincomam.org.br\/?p=54869"},"modified":"2024-10-22T11:27:29","modified_gmt":"2024-10-22T14:27:29","slug":"operacao-furnas-2024-mais-de-mil-militares-brasileiros-e-13-nacoes-integram-exercicio-no-mar-de-minas","status":"publish","type":"post","link":"https:\/\/www.sincomam.org.br\/index.php\/operacao-furnas-2024-mais-de-mil-militares-brasileiros-e-13-nacoes-integram-exercicio-no-mar-de-minas\/","title":{"rendered":"Opera\u00e7\u00e3o \u201cFurnas 2024\u201d: mais de mil militares brasileiros e 13 na\u00e7\u00f5es integram exerc\u00edcio no \u201cMar de Minas\u201d"},"content":{"rendered":"<p>Mais de mil Fuzileiros Navais da Marinha do Brasil (MB), com militares de 13 na\u00e7\u00f5es amigas, est\u00e3o realizando diversos exerc\u00edcios durante a Opera\u00e7\u00e3o \u201cFurnas 2024\u201d, que ocorre no \u201cMar de Minas\u201d, na cidade de S\u00e3o Jos\u00e9 da Barra (MG). A opera\u00e7\u00e3o teve in\u00edcio nesta quarta-feira (16) e vai at\u00e9 o pr\u00f3ximo domingo (20).Os militares da Alemanha, Argentina, Camar\u00f5es, China, Col\u00f4mbia, Emirados \u00c1rabes Unidos, Espanha, Fran\u00e7a, It\u00e1lia, M\u00e9xico, Nig\u00e9ria, Pa\u00edses Baixos e Peru participam da opera\u00e7\u00e3o apenas como observadores, n\u00e3o realizando exerc\u00edcios. \u201cEssa participa\u00e7\u00e3o \u00e9 fundamental como troca de experi\u00eancia entre as For\u00e7as, principalmente para o caso da necessidade de uma opera\u00e7\u00e3o conjunta entre pa\u00edses\u201d, destacou o encarregado da Comunica\u00e7\u00e3o da For\u00e7a de Fuzileiros da Esquadra (FFE), Capit\u00e3o de Corveta (Fuzileiro Naval) Raphael do Couto Pereira.<\/p>\n<p>Al\u00e9m disso, a opera\u00e7\u00e3o \u00e9 dividida em tr\u00eas pilares que ocorrem simultaneamente: Workshop Interag\u00eancias de Coopera\u00e7\u00e3o com a Defesa Civil; Opera\u00e7\u00f5es Ribeirinhas; e qualifica\u00e7\u00e3o e treinamento para manter o n\u00edvel tr\u00eas da Organiza\u00e7\u00e3o das Na\u00e7\u00f5es Unidas (ONU) do Grupamento Operativo de Fuzileiros Navais de For\u00e7a de Paz de Rea\u00e7\u00e3o R\u00e1pida.Este \u00e9 o primeiro ano que ocorre o Workshop Interag\u00eancias de Coopera\u00e7\u00e3o com a Defesa Civil, que contou com mais de 100 pessoas de aproximadamente 30 ag\u00eancias. O evento visa promover o conhecimento m\u00fatuo sobre as capacidades e limita\u00e7\u00f5es das institui\u00e7\u00f5es envolvidas e fortalecer a coopera\u00e7\u00e3o em a\u00e7\u00f5es de assist\u00eancia humanit\u00e1ria, sempre com a inten\u00e7\u00e3o de encontrar solu\u00e7\u00f5es preventivas e respostas eficazes em situa\u00e7\u00f5es de potenciais desastres que possam ocorrer na regi\u00e3o. Para isso, o Workshop conta com palestras ministradas pela Marinha e ag\u00eancias participantes, al\u00e9m de uma atividade pr\u00e1tica, na qual as ag\u00eancias simulam uma situa\u00e7\u00e3o real de assist\u00eancia.<\/p>\n<p>Conforme o Comandante da FFE, Vice-Almirante (Fuzileiro Naval) Roberto Rossatto, a a\u00e7\u00e3o da Defesa Civil e das demais ag\u00eancias de Minas Gerais sempre foram exemplares. \u201c\u00c9 um orgulho muito grande para a Marinha do Brasil poder se juntar a esse grupo de excel\u00eancia que est\u00e1 aqui.\u201dO Comandante da Tropa de Desembarque, Capit\u00e3o de Mar e Guerra (Fuzileiro Naval) Dirlei Donizette C\u00f4do, que est\u00e1 \u00e0 frente da organiza\u00e7\u00e3o do evento, ressaltou que esta opera\u00e7\u00e3o j\u00e1 est\u00e1 se tornando tradicional no estado de Minas Gerais e no calend\u00e1rio da MB, que se faz presente em S\u00e3o Jos\u00e9 da Barra. \u201cEstamos desenvolvendo o primeiro Workshop Interag\u00eancias de Coopera\u00e7\u00e3o com a Defesa Civil de Minas Gerais. No Rio Grande do Sul j\u00e1 estamos no quinto contingente, estamos desde abril ajudando o povo ga\u00facho, sofrido com as enchentes, por meio da Opera\u00e7\u00e3o \u2018Taquari II\u2019. Trouxemos muito conhecimento dessa opera\u00e7\u00e3o, e \u00e9 justamente esse conhecimento que n\u00f3s gostar\u00edamos de compartilhar com a popula\u00e7\u00e3o e com as ag\u00eancias mineiras\u201d, contou.<\/p>\n<p>J\u00e1 nas Opera\u00e7\u00f5es Ribeirinhas, realizadas na Lagoa de Furnas, os militares participam de diversos adestramentos voltados para as \u00e1guas interiores, o que inclui diversas t\u00e9cnicas, como assalto anf\u00edbio, realizado com a utiliza\u00e7\u00e3o de Carros Lagarta Anf\u00edbio (CLAnf), no qual os militares saem dos ve\u00edculos da \u00e1gua para a terra, e dominam a praia; t\u00e9cnicas de infiltra\u00e7\u00e3o, como a espinha de peixe diurna e noturna, manobra na qual os Fuzileiros Navais carregam mochilas com cerca de 50 kg cada, al\u00e9m de seus armamentos, enquanto fazem uma incurs\u00e3o nadando, presos por cordas, no formato de uma espinha de peixe e rapel de aeronave, no qual os militares descem de helic\u00f3pteros UH-15 <em>Super Cougar<\/em> para realizar uma infiltra\u00e7\u00e3o na \u00e1rea inimiga.<\/p>\n<p>Outra parte da opera\u00e7\u00e3o \u00e9 a qualifica\u00e7\u00e3o e treinamento para manter o n\u00edvel tr\u00eas da ONU do Grupamento Operativo de Fuzileiros Navais de For\u00e7a de Paz de Rea\u00e7\u00e3o R\u00e1pida, n\u00edvel esse que apenas essa tropa possui em todo o Pa\u00eds. \u201cMas o que \u00e9 isso? A ONU exige que os pa\u00edses que enviam tropas para qualquer local do mundo tenham algum dos tr\u00eas n\u00edveis de certifica\u00e7\u00e3o, sendo o n\u00edvel tr\u00eas o maior de todos, pois caracteriza que a tropa \u00e9 de pronto-emprego. Quando a ONU pede por aux\u00edlio, exige-se que enviemos os militares em um per\u00edodo de 30 a 90 dias, de forma expedicion\u00e1ria, a fim de que a tropa consiga se manter em qualquer local do mundo\u201d, salientou o Comandante do 3\u00ba Batalh\u00e3o de Infantaria de Fuzileiros Navais (Batalh\u00e3o \u201cPaissandu\u201d), Capit\u00e3o de Mar e Guerra (FN) Leandro de Lima Santos, respons\u00e1vel pelo treinamento.<\/p>\n<p>Fonte: Ag\u00eancia Marinha de Not\u00edcias<\/p>\n<p>&nbsp;<\/p>\n","protected":false},"excerpt":{"rendered":"<p>Mais de mil Fuzileiros Navais da Marinha do Brasil (MB), com militares de 13 na\u00e7\u00f5es amigas, est\u00e3o realizando diversos exerc\u00edcios durante a Opera\u00e7\u00e3o \u201cFurnas 2024\u201d,&#8230;<\/p>\n","protected":false},"author":1527,"featured_media":54874,"comment_status":"closed","ping_status":"closed","sticky":false,"template":"","format":"standard","meta":{"footnotes":""},"categories":[6],"tags":[],"class_list":["post-54869","post","type-post","status-publish","format-standard","has-post-thumbnail","hentry","category-noticias"],"_links":{"self":[{"href":"https:\/\/www.sincomam.org.br\/index.php\/wp-json\/wp\/v2\/posts\/54869","targetHints":{"allow":["GET"]}}],"collection":[{"href":"https:\/\/www.sincomam.org.br\/index.php\/wp-json\/wp\/v2\/posts"}],"about":[{"href":"https:\/\/www.sincomam.org.br\/index.php\/wp-json\/wp\/v2\/types\/post"}],"author":[{"embeddable":true,"href":"https:\/\/www.sincomam.org.br\/index.php\/wp-json\/wp\/v2\/users\/1527"}],"replies":[{"embeddable":true,"href":"https:\/\/www.sincomam.org.br\/index.php\/wp-json\/wp\/v2\/comments?post=54869"}],"version-history":[{"count":1,"href":"https:\/\/www.sincomam.org.br\/index.php\/wp-json\/wp\/v2\/posts\/54869\/revisions"}],"predecessor-version":[{"id":54875,"href":"https:\/\/www.sincomam.org.br\/index.php\/wp-json\/wp\/v2\/posts\/54869\/revisions\/54875"}],"wp:featuredmedia":[{"embeddable":true,"href":"https:\/\/www.sincomam.org.br\/index.php\/wp-json\/wp\/v2\/media\/54874"}],"wp:attachment":[{"href":"https:\/\/www.sincomam.org.br\/index.php\/wp-json\/wp\/v2\/media?parent=54869"}],"wp:term":[{"taxonomy":"category","embeddable":true,"href":"https:\/\/www.sincomam.org.br\/index.php\/wp-json\/wp\/v2\/categories?post=54869"},{"taxonomy":"post_tag","embeddable":true,"href":"https:\/\/www.sincomam.org.br\/index.php\/wp-json\/wp\/v2\/tags?post=54869"}],"curies":[{"name":"wp","href":"https:\/\/api.w.org\/{rel}","templated":true}]}}