{"id":54865,"date":"2024-10-22T08:05:15","date_gmt":"2024-10-22T11:05:15","guid":{"rendered":"http:\/\/www.sincomam.org.br\/?p=54865"},"modified":"2024-10-22T08:05:15","modified_gmt":"2024-10-22T11:05:15","slug":"reservatorios-que-fornecem-agua-a-brasileiros-podem-ter-niveis-extremos","status":"publish","type":"post","link":"https:\/\/www.sincomam.org.br\/index.php\/reservatorios-que-fornecem-agua-a-brasileiros-podem-ter-niveis-extremos\/","title":{"rendered":"Reservat\u00f3rios que fornecem \u00e1gua a brasileiros podem ter n\u00edveis extremos"},"content":{"rendered":"<div id=\"chunk-4rbah\">\n<div class=\"mc-column content-text active-extra-styles \" data-block-type=\"unstyled\" data-block-weight=\"14\" data-block-id=\"2\">\n<p class=\" content-text__container \" data-track-category=\"Link no Texto\" data-track-links=\"\" data-mrf-recirculation=\"Article links\">O\u00a0Brasil\u00a0come\u00e7ou o per\u00edodo de chuvas com aten\u00e7\u00e3o para o n\u00edvel dos reservat\u00f3rios.<\/p>\n<\/div>\n<\/div>\n<div class=\"wall protected-content\">\n<div id=\"chunk-9emqo\">\n<div class=\"mc-column content-text active-extra-styles \" data-block-type=\"unstyled\" data-block-weight=\"35\" data-block-id=\"4\">\n<p class=\" content-text__container \" data-track-category=\"Link no Texto\" data-track-links=\"\" data-mrf-recirculation=\"Article links\">Uma represa que parece um c\u00f3rrego. O Globocop flagrou a cena na tarde desta segunda-feira (21), em um trecho da Guarapiranga, na capital paulista. Hoje, o reservat\u00f3rio est\u00e1 com praticamente um ter\u00e7o do volume total.<\/p>\n<\/div>\n<\/div>\n<div id=\"chunk-5mgfj\">\n<div class=\"mc-column content-text active-extra-styles \" data-block-type=\"unstyled\" data-block-weight=\"37\" data-block-id=\"5\">\n<p class=\" content-text__container \" data-track-category=\"Link no Texto\" data-track-links=\"\" data-mrf-recirculation=\"Article links\">\u00c0s margens da represa, mesmo nos trechos mais cheios, v\u00ea-se a \u00e1gua recuando e, com isso, a \u00e1rea seca avan\u00e7a. Um dos sete mananciais respons\u00e1veis por abastecer 18,5 milh\u00f5es de pessoas na Regi\u00e3o Metropolitana de\u00a0S\u00e3o Paulo.<\/p>\n<\/div>\n<\/div>\n<div id=\"chunk-2gcd5\">\n<div class=\"mc-column content-text active-extra-styles \" data-block-type=\"unstyled\" data-block-weight=\"36\" data-block-id=\"6\">\n<p class=\" content-text__container \" data-track-category=\"Link no Texto\" data-track-links=\"\" data-mrf-recirculation=\"Article links\"><span class=\"highlight highlighted\">O sistema opera com menos da metade da capacidade, mais baixo do que em 2023, mas ainda bem acima dos n\u00edveis de 2014 e 2015, quando S\u00e3o Paulo viveu a maior crise de abastecimento sua hist\u00f3ria.<\/span><\/p>\n<\/div>\n<\/div>\n<div id=\"chunk-2um40\">\n<div class=\"content-ads content-ads--reveal\" data-block-type=\"ads\" data-block-id=\"7\">\n<div id=\"banner_materia2\" class=\"tag-manager-publicidade-container mc-has-reveal mc-has-ad-lazyload tag-manager-publicidade-banner_materia2 tag-manager-publicidade-container--carregado tag-manager-publicidade-container--visivel\" data-id=\"banner_materia2\" data-google-query-id=\"CIDRt8rooYkDFVtK3QId2QkENg\">\n<div id=\"chunk-af4e\">\n<div class=\"mc-column content-text active-extra-styles \" data-block-type=\"unstyled\" data-block-weight=\"46\" data-block-id=\"9\">\n<p class=\" content-text__container \" data-track-category=\"Link no Texto\" data-track-links=\"\" data-mrf-recirculation=\"Article links\">A preocupa\u00e7\u00e3o com a seca se estende por grande parte do pa\u00eds.\u00a0<span class=\"highlight highlighted\">As previs\u00f5es do Centro Nacional de Monitoramento e Alertas de Desastres Naturais mostram que, em outubro, bacias hidrogr\u00e1ficas das regi\u00f5es Norte, Nordeste, Centro-Oeste e Sudeste devem atingir n\u00edveis de estiagem considerados excepcionais e extremos.<\/span><\/p>\n<\/div>\n<\/div>\n<div id=\"chunk-bbsak\">\n<div class=\"mc-column content-text active-extra-styles \" data-block-type=\"unstyled\" data-block-weight=\"15\" data-block-id=\"10\">\n<p class=\" content-text__container \" data-track-category=\"Link no Texto\" data-track-links=\"\" data-mrf-recirculation=\"Article links\">Estudiosos em recursos h\u00eddricos alertam que \u00e9 momento de usar a \u00e1gua de forma consciente.<\/p>\n<p data-track-category=\"Link no Texto\" data-track-links=\"\" data-mrf-recirculation=\"Article links\"><span class=\"highlight highlighted\">Al\u00e9m de servir para o abastecimento da popula\u00e7\u00e3o, a \u00e1gua \u00e9 importante, tamb\u00e9m, para o fornecimento de energia, por meio das usinas hidrel\u00e9tricas.<\/span>\u00a0Os reservat\u00f3rios do subsistema Sudeste\/Centro-Oeste est\u00e3o com 41% da capacidade. \u00c9 mais do que na \u00faltima crise, em 2021, mas bem menos do que em 2023. No Nordeste, o n\u00edvel \u00e9 de 46%. Em 2023, o subsistema operava com mais de 62% da capacidade.<\/p>\n<div id=\"chunk-1s698\">\n<div class=\"mc-column content-text active-extra-styles \" data-block-type=\"unstyled\" data-block-weight=\"29\" data-block-id=\"15\">\n<p class=\" content-text__container \" data-track-category=\"Link no Texto\" data-track-links=\"\" data-mrf-recirculation=\"Article links\">A queda se repete nos reservat\u00f3rios da regi\u00e3o Sul. S\u00f3 o subsistema Norte subiu em rela\u00e7\u00e3o a 2023, puxado pelos reservat\u00f3rios da bacia do Tocantins, que est\u00e3o mais cheios.<\/p>\n<\/div>\n<\/div>\n<div id=\"chunk-c7085\">\n<div class=\"mc-column content-text active-extra-styles \" data-block-type=\"unstyled\" data-block-weight=\"22\" data-block-id=\"16\">\n<p class=\" content-text__container \" data-track-category=\"Link no Texto\" data-track-links=\"\" data-mrf-recirculation=\"Article links\">A represa de Furnas, em Minas Gerais, uma das principais do pa\u00eds, est\u00e1 com 30% da capacidade, abaixo da chamada cota m\u00ednima.<\/p>\n<p data-track-category=\"Link no Texto\" data-track-links=\"\" data-mrf-recirculation=\"Article links\">O professor da USP, Ildo Sauer, diz que a situa\u00e7\u00e3o do sistema el\u00e9trico exige cautela, mas n\u00e3o v\u00ea risco de falta de energia. Especialmente porque o pa\u00eds j\u00e1 acionou outras fontes de energia &#8211; como as usinas t\u00e9rmicas &#8211; mais poluentes.<\/p>\n<p data-track-category=\"Link no Texto\" data-track-links=\"\" data-mrf-recirculation=\"Article links\">O Operador Nacional do Sistema El\u00e9trico afirmou que os percentuais est\u00e3o compat\u00edveis com o esperado para o per\u00edodo. A empresa de saneamento do estado de S\u00e3o Paulo declarou que, com a maior interliga\u00e7\u00e3o, o sistema ficou mais robusto e flex\u00edvel desde a \u00faltima crise h\u00eddrica.<\/p>\n<p data-track-category=\"Link no Texto\" data-track-links=\"\" data-mrf-recirculation=\"Article links\">Fonte: G1<\/p>\n<\/div>\n<\/div>\n<\/div>\n<\/div>\n<\/div>\n<\/div>\n<\/div>\n<\/div>\n","protected":false},"excerpt":{"rendered":"<p>O\u00a0Brasil\u00a0come\u00e7ou o per\u00edodo de chuvas com aten\u00e7\u00e3o para o n\u00edvel dos reservat\u00f3rios. Uma represa que parece um c\u00f3rrego. O Globocop flagrou a cena na tarde&#8230;<\/p>\n","protected":false},"author":1527,"featured_media":54867,"comment_status":"closed","ping_status":"closed","sticky":false,"template":"","format":"standard","meta":{"footnotes":""},"categories":[6],"tags":[],"class_list":["post-54865","post","type-post","status-publish","format-standard","has-post-thumbnail","hentry","category-noticias"],"_links":{"self":[{"href":"https:\/\/www.sincomam.org.br\/index.php\/wp-json\/wp\/v2\/posts\/54865","targetHints":{"allow":["GET"]}}],"collection":[{"href":"https:\/\/www.sincomam.org.br\/index.php\/wp-json\/wp\/v2\/posts"}],"about":[{"href":"https:\/\/www.sincomam.org.br\/index.php\/wp-json\/wp\/v2\/types\/post"}],"author":[{"embeddable":true,"href":"https:\/\/www.sincomam.org.br\/index.php\/wp-json\/wp\/v2\/users\/1527"}],"replies":[{"embeddable":true,"href":"https:\/\/www.sincomam.org.br\/index.php\/wp-json\/wp\/v2\/comments?post=54865"}],"version-history":[{"count":1,"href":"https:\/\/www.sincomam.org.br\/index.php\/wp-json\/wp\/v2\/posts\/54865\/revisions"}],"predecessor-version":[{"id":54868,"href":"https:\/\/www.sincomam.org.br\/index.php\/wp-json\/wp\/v2\/posts\/54865\/revisions\/54868"}],"wp:featuredmedia":[{"embeddable":true,"href":"https:\/\/www.sincomam.org.br\/index.php\/wp-json\/wp\/v2\/media\/54867"}],"wp:attachment":[{"href":"https:\/\/www.sincomam.org.br\/index.php\/wp-json\/wp\/v2\/media?parent=54865"}],"wp:term":[{"taxonomy":"category","embeddable":true,"href":"https:\/\/www.sincomam.org.br\/index.php\/wp-json\/wp\/v2\/categories?post=54865"},{"taxonomy":"post_tag","embeddable":true,"href":"https:\/\/www.sincomam.org.br\/index.php\/wp-json\/wp\/v2\/tags?post=54865"}],"curies":[{"name":"wp","href":"https:\/\/api.w.org\/{rel}","templated":true}]}}